{"id":301572,"date":"2026-08-29T15:31:01","date_gmt":"2026-08-29T15:31:01","guid":{"rendered":"https:\/\/ami.mr\/fr\/?p=301572"},"modified":"2026-08-29T15:31:01","modified_gmt":"2026-08-29T15:31:01","slug":"kiffa-troisieme-edition-de-la-semaine-culturelle-et-sportive-du-regroupement-des-villages-de-hassi-el-bekaye","status":"publish","type":"post","link":"https:\/\/ami.mr\/fr\/archives\/301572","title":{"rendered":"Kiffa: Troisi\u00e8me \u00e9dition de la Semaine culturelle et sportive du regroupement des villages de Hassi El Bekaye"},"content":{"rendered":"<p>Le wali de l\u2019Assaba, M. Ahmedou Adahi Khteira, a donn\u00e9, vendredi soir, le coup d\u2019envoi de la troisi\u00e8me \u00e9dition de la Semaine culturelle et sportive du regroupement des villages de Hassi El Bekaye, plac\u00e9e cette ann\u00e9e sous le th\u00e8me : \u00ab La valorisation du patrimoine, gage de d\u00e9veloppement durable \u00bb.<\/p>\n<p>Dans son discours, le wali a expliqu\u00e9 que l\u2019organisation de cette Semaine culturelle et sportive s\u2019inscrit dans le cadre des directives de Son Excellence le Pr\u00e9sident de la R\u00e9publique, M. Mohamed Ould Cheikh El Ghazouani, visant \u00e0 promouvoir le tourisme int\u00e9rieur et \u00e0 encourager les Mauritaniens \u00e0 passer leurs vacances dans le pays.<\/p>\n<p>Il a soulign\u00e9 l\u2019importance des manifestations culturelles dans la consolidation des valeurs de fraternit\u00e9, de solidarit\u00e9 et de coop\u00e9ration, ainsi que dans le renforcement de l\u2019unit\u00e9 nationale.<\/p>\n<p>Pour sa part, le maire de Kiffa, M. Jemal Ould Kaboud, a soulign\u00e9 que la Semaine culturelle et sportive du regroupement des villages de Hassi El Bekaye t\u00e9moigne d\u2019un esprit d\u2019initiative et favorise l\u2019action collective en vue de relever les d\u00e9fis du d\u00e9veloppement local.<\/p>\n<p>La pr\u00e9sidente de la Coordination g\u00e9n\u00e9rale pour le d\u00e9veloppement de l\u2019Association des villages de Hassi El Bekaye et du festival, Mme A\u00efchavall Verges, avait auparavant indiqu\u00e9, dans son discours, que la Coordination \u0153uvre \u00e0 mobiliser toutes les ressources locales en vue de promouvoir le d\u00e9veloppement de la wilaya.<\/p>\n<p>Elle a pr\u00e9cis\u00e9 que cette semaine culturelle s\u2019inscrit dans le cadre des directives de Son Excellence le Pr\u00e9sident de la R\u00e9publique visant \u00e0 encourager les vacances dans le pays et \u00e0 promouvoir le tourisme int\u00e9rieur.<\/p>\n<p>La c\u00e9r\u00e9monie d\u2019ouverture a \u00e9t\u00e9 marqu\u00e9e par la distribution d\u2019aides \u00e0 un groupe de personnes en situation de handicap et la remise de prix aux \u00e9l\u00e8ves m\u00e9ritants de l\u2019\u00e9cole de Hassi El Bekaye.<\/p>\n<p>Le programme de la semaine comprend notamment une journ\u00e9e de nettoyage, une \u00e9preuve de tir \u00e0 la cible traditionnelle, un tournoi de football et une formation en informatique.<\/p>\n<p>La c\u00e9r\u00e9monie d\u2019ouverture du festival s\u2019est d\u00e9roul\u00e9e en pr\u00e9sence du directeur de cabinet du wali, du hakem de la moughataa de Kiffa, du d\u00e9l\u00e9gu\u00e9 r\u00e9gional du minist\u00e8re de la Culture, des Arts, de la Communication et des Relations avec le Parlement, ainsi que des autorit\u00e9s de s\u00e9curit\u00e9 de la wilaya de l\u2019Assaba.<\/p>\n<p>&nbsp;<\/p>\n","protected":false},"excerpt":{"rendered":"<p>Le wali de l\u2019Assaba, M. Ahmedou Adahi Khteira, a donn\u00e9, vendredi soir, le coup d\u2019envoi de la troisi\u00e8me \u00e9dition de la Semaine culturelle et sportive du regroupement des villages de Hassi El Bekaye, plac\u00e9e cette ann\u00e9e sous le th\u00e8me : \u00ab La valorisation du patrimoine, gage de d\u00e9veloppement durable \u00bb. Dans son discours, le wali [&hellip;]<\/p>\n","protected":false},"author":2,"featured_media":301573,"comment_status":"open","ping_status":"open","sticky":false,"template":"","format":"standard","meta":{"footnotes":""},"categories":[63918,63957,8672],"tags":[],"class_list":["post-301572","post","type-post","status-publish","format-standard","has-post-thumbnail","hentry","category-autres","category-fil-dactualite","category-8672"],"_links":{"self":[{"href":"https:\/\/ami.mr\/fr\/wp-json\/wp\/v2\/posts\/301572","targetHints":{"allow":["GET"]}}],"collection":[{"href":"https:\/\/ami.mr\/fr\/wp-json\/wp\/v2\/posts"}],"about":[{"href":"https:\/\/ami.mr\/fr\/wp-json\/wp\/v2\/types\/post"}],"author":[{"embeddable":true,"href":"https:\/\/ami.mr\/fr\/wp-json\/wp\/v2\/users\/2"}],"replies":[{"embeddable":true,"href":"https:\/\/ami.mr\/fr\/wp-json\/wp\/v2\/comments?post=301572"}],"version-history":[{"count":1,"href":"https:\/\/ami.mr\/fr\/wp-json\/wp\/v2\/posts\/301572\/revisions"}],"predecessor-version":[{"id":301574,"href":"https:\/\/ami.mr\/fr\/wp-json\/wp\/v2\/posts\/301572\/revisions\/301574"}],"wp:featuredmedia":[{"embeddable":true,"href":"https:\/\/ami.mr\/fr\/wp-json\/wp\/v2\/media\/301573"}],"wp:attachment":[{"href":"https:\/\/ami.mr\/fr\/wp-json\/wp\/v2\/media?parent=301572"}],"wp:term":[{"taxonomy":"category","embeddable":true,"href":"https:\/\/ami.mr\/fr\/wp-json\/wp\/v2\/categories?post=301572"},{"taxonomy":"post_tag","embeddable":true,"href":"https:\/\/ami.mr\/fr\/wp-json\/wp\/v2\/tags?post=301572"}],"curies":[{"name":"wp","href":"https:\/\/api.w.org\/{rel}","templated":true}]}}