{"id":301562,"date":"2026-08-29T12:51:29","date_gmt":"2026-08-29T12:51:29","guid":{"rendered":"https:\/\/ami.mr\/fr\/?p=301562"},"modified":"2026-08-29T12:55:52","modified_gmt":"2026-08-29T12:55:52","slug":"sidi-mohamed-hanena-ancien-ambassadeur-lelection-dismail-cheikh-ahmed-au-poste-de-secretaire-general-de-lorganisation-de-la-cooperation-islamique-constitue-une-victoire","status":"publish","type":"post","link":"https:\/\/ami.mr\/fr\/archives\/301562","title":{"rendered":"Sidi Mohamed Hanena, ancien ambassadeur: &#8220;L\u2019\u00e9lection d\u2019Ismail Cheikh Ahmed au poste de secr\u00e9taire g\u00e9n\u00e9ral de l\u2019Organisation de la coop\u00e9ration islamique constitue une victoire incontestable pour la Mauritanie et sa diplomatie&#8221;"},"content":{"rendered":"<p>L\u2019ancien ambassadeur Sidi Mohamed Hanena a affirm\u00e9 que l\u2019\u00e9lection d\u2019Ismail Cheikh Ahmed au poste de secr\u00e9taire g\u00e9n\u00e9ral de l\u2019Organisation de la coop\u00e9ration islamique (OCI) constitue une \u00ab victoire incontestable pour la Mauritanie et sa diplomatie \u00bb.<\/p>\n<p>Il a consid\u00e9r\u00e9 cette \u00e9lection comme un gain pour le pays et un triomphe pour Son Excellence le Pr\u00e9sident de la R\u00e9publique, ainsi qu\u2019une r\u00e9ussite personnelle pour M. Ismail Cheikh Ahmed, au regard de ses qualifications, de son exp\u00e9rience et de sa brillante carri\u00e8re.<\/p>\n<p>Dans une d\u00e9claration \u00e0 l\u2019Agence mauritanienne d\u2019information (AMI), l\u2019ancien ambassadeur a expliqu\u00e9 que l\u2019\u00e9lection d\u2019une personnalit\u00e9 mauritanienne \u00e0 ce poste international de premier plan, au sein d\u2019une organisation regroupant 57 pays et pr\u00e8s de deux milliards d\u2019habitants, offre \u00e0 la Mauritanie une occasion unique de renforcer sa pr\u00e9sence et son influence sur la sc\u00e8ne internationale, de d\u00e9fendre ses int\u00e9r\u00eats et de contribuer \u00e0 l\u2019am\u00e9lioration des performances de l\u2019organisation et au renforcement de sa capacit\u00e9 \u00e0 accomplir ses missions.<\/p>\n<p>Il a soulign\u00e9 que l\u2019obtention de ce r\u00e9sultat avait n\u00e9cessit\u00e9 d\u2019importants efforts diplomatiques, pr\u00e9cisant que l\u2019implication personnelle du Pr\u00e9sident de la R\u00e9publique dans le soutien \u00e0 la candidature de M. Ismail Cheikh Ahmed, ainsi que le suivi attentif de sa campagne \u00e9lectorale, avaient \u00e9t\u00e9 d\u00e9terminants.<\/p>\n<p>Il a consid\u00e9r\u00e9 que l\u2019obtention par le candidat mauritanien du soutien unanime des \u00c9tats membres constituait un pr\u00e9c\u00e9dent dans l\u2019histoire des \u00e9lections aux postes politiques au sein des organisations internationales. Il a indiqu\u00e9 que ce succ\u00e8s n\u2019\u00e9tait pas le fruit du hasard, mais plut\u00f4t le r\u00e9sultat d\u2019une conjonction de facteurs, parmi lesquels la cr\u00e9dibilit\u00e9 du r\u00e9gime, la clart\u00e9 de la vision ayant sous-tendu la campagne, ainsi que les comp\u00e9tences personnelles et professionnelles du candidat.<\/p>\n<p>M. Sidi Mohamed Hanena a salu\u00e9 le parcours universitaire et professionnel de M. Ismail Cheikh Ahmed, ainsi que l\u2019exp\u00e9rience internationale qu\u2019il a acquise pendant pr\u00e8s de trente ans au sein des Nations Unies et de leurs organisations affili\u00e9es, sans oublier les nombreuses responsabilit\u00e9s internationales et nationales qu\u2019il a exerc\u00e9es, jusqu\u2019\u00e0 sa nomination au poste de ministre des Affaires \u00e9trang\u00e8res.<\/p>\n<p>Il a affirm\u00e9 que cette vaste exp\u00e9rience qualifie M. Ismail Cheikh Ahmed \u00e0 jouer un r\u00f4le actif au sein de l\u2019Organisation de la coop\u00e9ration islamique (OCI), en mettant \u00e0 profit l\u2019expertise acquise au cours des diff\u00e9rents postes qu\u2019il a occup\u00e9s. Cela contribuera, selon lui, \u00e0 renforcer la position de l\u2019organisation, \u00e0 ouvrir de plus larges perspectives de coordination et de coop\u00e9ration entre ses \u00c9tats membres et \u00e0 lui permettre de s\u2019acquitter de ses fonctions avec davantage d\u2019efficacit\u00e9.<\/p>\n<p>L\u2019ancien ambassadeur a exprim\u00e9 sa fiert\u00e9 face \u00e0 cette \u00e9lection, y voyant une rupture avec une s\u00e9rie de nominations d\u00e9cevantes sous les r\u00e9gimes pr\u00e9c\u00e9dents. Il a ajout\u00e9 que cette r\u00e9ussite s\u2019inscrivait dans une s\u00e9rie de succ\u00e8s remport\u00e9s par la diplomatie mauritanienne ces derni\u00e8res ann\u00e9es, notamment l\u2019accession \u00e0 la pr\u00e9sidence du Groupe de la Banque africaine de d\u00e9veloppement (BAD) et \u00e0 celle de l\u2019Organisation arabe pour l\u2019\u00e9ducation, la culture et les sciences (ALECSO).<\/p>\n<p>Il a estim\u00e9 que ces succ\u00e8s t\u00e9moignaient d\u2019une approche diplomatique \u00e9quilibr\u00e9e adopt\u00e9e par la Mauritanie, fond\u00e9e sur la pr\u00e9vention des tensions et des probl\u00e8mes avec les pays voisins et les diff\u00e9rentes parties prenantes, ainsi que sur le respect du dialogue et la recherche de solutions collectives et consensuelles.<\/p>\n<p>Il a soulign\u00e9 que l\u2019obtention par la Mauritanie du consensus des \u00c9tats membres de l\u2019Organisation de la coop\u00e9ration islamique t\u00e9moignait de la pertinence de cette approche diplomatique et confirmait que la politique de \u00ab z\u00e9ro probl\u00e8me \u00bb avec les pays voisins et les diff\u00e9rentes parties constituait une option appropri\u00e9e pour la Mauritanie. Cette politique contribuerait, selon lui, \u00e0 renforcer la pr\u00e9sence et la cr\u00e9dibilit\u00e9 du pays aux niveaux r\u00e9gional et international et \u00e0 ouvrir de nouvelles perspectives de coop\u00e9ration et de partenariat avec divers pays et organisations.<\/p>\n","protected":false},"excerpt":{"rendered":"<p>L\u2019ancien ambassadeur Sidi Mohamed Hanena a affirm\u00e9 que l\u2019\u00e9lection d\u2019Ismail Cheikh Ahmed au poste de secr\u00e9taire g\u00e9n\u00e9ral de l\u2019Organisation de la coop\u00e9ration islamique (OCI) constitue une \u00ab victoire incontestable pour la Mauritanie et sa diplomatie \u00bb. Il a consid\u00e9r\u00e9 cette \u00e9lection comme un gain pour le pays et un triomphe pour Son Excellence le Pr\u00e9sident [&hellip;]<\/p>\n","protected":false},"author":57,"featured_media":301563,"comment_status":"open","ping_status":"open","sticky":false,"template":"","format":"standard","meta":{"footnotes":""},"categories":[63918,63919,63957,63959],"tags":[],"class_list":["post-301562","post","type-post","status-publish","format-standard","has-post-thumbnail","hentry","category-autres","category-choix-du-redacteur","category-fil-dactualite","category-mauritanie"],"_links":{"self":[{"href":"https:\/\/ami.mr\/fr\/wp-json\/wp\/v2\/posts\/301562","targetHints":{"allow":["GET"]}}],"collection":[{"href":"https:\/\/ami.mr\/fr\/wp-json\/wp\/v2\/posts"}],"about":[{"href":"https:\/\/ami.mr\/fr\/wp-json\/wp\/v2\/types\/post"}],"author":[{"embeddable":true,"href":"https:\/\/ami.mr\/fr\/wp-json\/wp\/v2\/users\/57"}],"replies":[{"embeddable":true,"href":"https:\/\/ami.mr\/fr\/wp-json\/wp\/v2\/comments?post=301562"}],"version-history":[{"count":4,"href":"https:\/\/ami.mr\/fr\/wp-json\/wp\/v2\/posts\/301562\/revisions"}],"predecessor-version":[{"id":301567,"href":"https:\/\/ami.mr\/fr\/wp-json\/wp\/v2\/posts\/301562\/revisions\/301567"}],"wp:featuredmedia":[{"embeddable":true,"href":"https:\/\/ami.mr\/fr\/wp-json\/wp\/v2\/media\/301563"}],"wp:attachment":[{"href":"https:\/\/ami.mr\/fr\/wp-json\/wp\/v2\/media?parent=301562"}],"wp:term":[{"taxonomy":"category","embeddable":true,"href":"https:\/\/ami.mr\/fr\/wp-json\/wp\/v2\/categories?post=301562"},{"taxonomy":"post_tag","embeddable":true,"href":"https:\/\/ami.mr\/fr\/wp-json\/wp\/v2\/tags?post=301562"}],"curies":[{"name":"wp","href":"https:\/\/api.w.org\/{rel}","templated":true}]}}