{"id":301556,"date":"2026-08-29T11:52:46","date_gmt":"2026-08-29T11:52:46","guid":{"rendered":"https:\/\/ami.mr\/fr\/?p=301556"},"modified":"2026-08-29T12:00:36","modified_gmt":"2026-08-29T12:00:36","slug":"bilal-ould-werzeg-ancien-ambassadeur-le-consensus-des-etats-membres-de-loci-autour-du-candidat-de-notre-pays-temoigne-du-poids-diplomatique-de-la-mauritanie","status":"publish","type":"post","link":"https:\/\/ami.mr\/fr\/archives\/301556","title":{"rendered":"Bilal Ould Werzeg, ancien ambassadeur : &#8220;Le consensus des \u00c9tats membres de l\u2019OCI autour du candidat de notre pays t\u00e9moigne du poids diplomatique de la Mauritanie&#8221;"},"content":{"rendered":"<p>L\u2019ancien ambassadeur Bilal Ould Werzeg a exprim\u00e9 sa sinc\u00e8re gratitude \u00e0 Son Excellence le Pr\u00e9sident de la R\u00e9publique, M. Mohamed Ould Cheikh El Ghazouani, le f\u00e9licitant, ainsi que le peuple mauritanien, pour l\u2019\u00e9lection de M. Ismail Ould Cheikh Ahmed, qui a recueilli un large soutien.<\/p>\n<p>Dans une d\u00e9claration \u00e0 l\u2019Agence mauritanienne d\u2019information (AMI), il a affirm\u00e9 que cette \u00e9lection constitue une victoire significative pour la diplomatie mauritanienne et refl\u00e8te clairement les efforts consid\u00e9rables d\u00e9ploy\u00e9s par Son Excellence le Pr\u00e9sident de la R\u00e9publique et le gouvernement, en collaboration avec les diplomates mauritaniens, efforts qui, gr\u00e2ce \u00e0 Allah, ont abouti \u00e0 ce r\u00e9sultat honorable.<\/p>\n<p>Il a expliqu\u00e9 que ce succ\u00e8s refl\u00e8te avant tout l\u2019efficacit\u00e9 de la campagne diplomatique men\u00e9e en amont de l\u2019\u00e9lection, soulignant qu\u2019elle s\u2019est caract\u00e9ris\u00e9e par sa force, sa d\u00e9termination et sa coordination. Il a indiqu\u00e9 qu\u2019elle a n\u00e9cessit\u00e9 une action diplomatique d\u2019envergure et des efforts soutenus avant de parvenir \u00e0 un consensus \u00e0 la hauteur du travail accompli par la Mauritanie.<\/p>\n<p>Il a ajout\u00e9 que l\u2019\u00e9lection de M. Ismail Ould Cheikh Ahmed repr\u00e9sente \u00e9galement un atout majeur pour la Mauritanie et un nouveau positionnement sur la sc\u00e8ne internationale, renfor\u00e7ant ainsi sa pr\u00e9sence et son influence et lui ouvrant de nouvelles perspectives pour jouer un r\u00f4le plus efficace au sein des instances r\u00e9gionales et internationales.<\/p>\n<p>Concernant le choix de M. Ismail Ould Cheikh Ahmed, M. Bilal Ould Werzeg a estim\u00e9 qu\u2019il s\u2019agissait d\u2019un choix judicieux, compte tenu de sa vaste exp\u00e9rience et de ses comp\u00e9tences. Il a rappel\u00e9 que M. Ould Cheikh Ahmed avait pr\u00e9c\u00e9demment occup\u00e9 d\u2019importantes fonctions au sein des Nations Unies, travaill\u00e9 aupr\u00e8s de plusieurs organisations internationales et exerc\u00e9 les fonctions d\u2019Envoy\u00e9 sp\u00e9cial des Nations Unies pour le Y\u00e9men de 2015 \u00e0 2018, avant d\u2019\u00eatre nomm\u00e9 ministre des Affaires \u00e9trang\u00e8res puis directeur du cabinet du Pr\u00e9sident de la R\u00e9publique.<\/p>\n<p>Il a affirm\u00e9 que cette exp\u00e9rience professionnelle qualifie M. Ismail Ould Cheikh Ahmed pour assumer cette nouvelle responsabilit\u00e9, ajoutant : \u00ab Je f\u00e9licite Son Excellence le Pr\u00e9sident de la R\u00e9publique et le remercie pour ce choix judicieux, dont le r\u00e9sultat a d\u00e9montr\u00e9 la pertinence et l\u2019utilit\u00e9. \u00bb<\/p>\n<p>Il a soulign\u00e9 que ce succ\u00e8s repr\u00e9sente \u00e9galement une occasion de r\u00e9affirmer les liens \u00e9troits qui unissent le peuple mauritanien \u00e0 ses dirigeants, ainsi que l\u2019attention accord\u00e9e par l\u2019\u00c9tat au renforcement de la pr\u00e9sence et du rayonnement du pays sur la sc\u00e8ne internationale, \u00e0 travers une diplomatie active et des initiatives visant \u00e0 consolider son influence.<\/p>\n<p>L\u2019ancien ambassadeur a expliqu\u00e9 que le rayonnement international de la Mauritanie est appel\u00e9 \u00e0 se renforcer davantage \u00e0 la lumi\u00e8re de cette \u00e9lection, d\u2019autant plus que l\u2019organisation au sein de laquelle elle s\u2019est d\u00e9roul\u00e9e regroupe 57 pays. Il a estim\u00e9 que la situation g\u00e9ostrat\u00e9gique de la Mauritanie, de par son appartenance aux espaces africain et arabe et sa position \u00e0 leur carrefour, lui conf\u00e8re une importance strat\u00e9gique particuli\u00e8re.<\/p>\n<p>Dans le m\u00eame esprit, M. Bilal Ould Werzeg a exprim\u00e9 sa gratitude aux pays ayant particip\u00e9 \u00e0 ce processus, qui a abouti \u00e0 l\u2019\u00e9lection du candidat mauritanien par consensus. Il a consid\u00e9r\u00e9 ce r\u00e9sultat comme un t\u00e9moignage de la haute estime dont jouit la Mauritanie, soulignant que celle-ci b\u00e9n\u00e9ficie d\u2019une excellente r\u00e9putation et entretient de bonnes relations avec diverses parties prenantes.<\/p>\n<p>Aux niveaux r\u00e9gional et international, M. Bilal Ould Werzeg estime que cette \u00e9lection offre \u00e0 la Mauritanie l\u2019opportunit\u00e9 de renforcer son r\u00f4le et d\u2019accro\u00eetre sa pr\u00e9sence, notamment gr\u00e2ce \u00e0 son expertise nationale et \u00e0 ses relations internationales, qui la qualifient pour contribuer davantage aux travaux des institutions et organisations internationales.<\/p>\n<p>\u00c0 cet \u00e9gard, il a soulign\u00e9 que l\u2019expertise mauritanienne s\u2019est illustr\u00e9e au sein de nombreuses institutions internationales, notamment \u00e0 travers l\u2019occupation de postes et de responsabilit\u00e9s importants dans des institutions financi\u00e8res arabes et africaines, ainsi que par la repr\u00e9sentation de la Mauritanie aupr\u00e8s de la Banque mondiale et du Fonds mon\u00e9taire international.<\/p>\n<p>Il a \u00e9galement mentionn\u00e9 la pr\u00e9sence d\u2019autres experts nationaux au sein de diverses institutions et organisations internationales. Il a soulign\u00e9 qu\u2019investir dans ces comp\u00e9tences et faciliter leur acc\u00e8s \u00e0 des postes de responsabilit\u00e9 au niveau international constitue un choix strat\u00e9gique, offrant des opportunit\u00e9s de renforcer les int\u00e9r\u00eats nationaux et d\u2019\u00e9largir le champ de l\u2019action diplomatique, tout en contribuant \u00e0 consolider l\u2019image de la Mauritanie en tant que pays capable de fournir des comp\u00e9tences qualifi\u00e9es pour assumer des responsabilit\u00e9s internationales.<\/p>\n<p>Il a ajout\u00e9 que la Mauritanie dispose d\u2019un vaste r\u00e9seau de relations avec diverses parties prenantes, ainsi que d\u2019une diplomatie active. Il a not\u00e9 que Son Excellence le Pr\u00e9sident de la R\u00e9publique accorde une attention particuli\u00e8re au renforcement de la pr\u00e9sence de la Mauritanie au sein des organisations et instances r\u00e9gionales et internationales, ainsi qu\u2019au soutien des comp\u00e9tences nationales afin qu\u2019elles acc\u00e8dent \u00e0 des postes d\u2019influence en leur sein.<\/p>\n<p>Il a estim\u00e9 que la nomination et le soutien des comp\u00e9tences mauritaniennes \u00e0 ces postes ne doivent pas \u00eatre consid\u00e9r\u00e9s comme un succ\u00e8s ponctuel, mais plut\u00f4t comme faisant partie d\u2019une approche strat\u00e9gique visant \u00e0 renforcer la pr\u00e9sence et l\u2019influence de la Mauritanie aux niveaux r\u00e9gional et international.<\/p>\n<p>Dans ce contexte, M. Bilal Ould Werzeg a soulign\u00e9 que Son Excellence le Pr\u00e9sident de la R\u00e9publique avait \u00e9voqu\u00e9 \u00e0 plusieurs reprises l\u2019importance g\u00e9ostrat\u00e9gique de la Mauritanie, insistant sur le fait que le v\u00e9ritable d\u00e9fi consiste \u00e0 exploiter efficacement cet atout. Cela peut \u00eatre r\u00e9alis\u00e9 en valorisant les comp\u00e9tences nationales qui allient exp\u00e9rience, comp\u00e9tence et capacit\u00e9 \u00e0 r\u00e9pondre aux exigences internationales et \u00e0 obtenir des r\u00e9sultats probants.<\/p>\n<p>L\u2019ancien ambassadeur Bilal Ould Werzeg a conclu que cette \u00e9lection repr\u00e9sente un gain important pour la Mauritanie et un succ\u00e8s dont tous les Mauritaniens, dirigeants comme citoyens, peuvent \u00eatre fiers. Il a affirm\u00e9 qu\u2019elle d\u00e9montre la capacit\u00e9 de la diplomatie mauritanienne \u00e0 obtenir des r\u00e9sultats probants lorsqu\u2019elle dispose d\u2019une vision claire, d\u2019un personnel qualifi\u00e9 et du soutien politique n\u00e9cessaire.<\/p>\n","protected":false},"excerpt":{"rendered":"<p>L\u2019ancien ambassadeur Bilal Ould Werzeg a exprim\u00e9 sa sinc\u00e8re gratitude \u00e0 Son Excellence le Pr\u00e9sident de la R\u00e9publique, M. Mohamed Ould Cheikh El Ghazouani, le f\u00e9licitant, ainsi que le peuple mauritanien, pour l\u2019\u00e9lection de M. Ismail Ould Cheikh Ahmed, qui a recueilli un large soutien. Dans une d\u00e9claration \u00e0 l\u2019Agence mauritanienne d\u2019information (AMI), il a [&hellip;]<\/p>\n","protected":false},"author":57,"featured_media":301557,"comment_status":"open","ping_status":"open","sticky":false,"template":"","format":"standard","meta":{"footnotes":""},"categories":[63918,63919,63957,63959],"tags":[],"class_list":["post-301556","post","type-post","status-publish","format-standard","has-post-thumbnail","hentry","category-autres","category-choix-du-redacteur","category-fil-dactualite","category-mauritanie"],"_links":{"self":[{"href":"https:\/\/ami.mr\/fr\/wp-json\/wp\/v2\/posts\/301556","targetHints":{"allow":["GET"]}}],"collection":[{"href":"https:\/\/ami.mr\/fr\/wp-json\/wp\/v2\/posts"}],"about":[{"href":"https:\/\/ami.mr\/fr\/wp-json\/wp\/v2\/types\/post"}],"author":[{"embeddable":true,"href":"https:\/\/ami.mr\/fr\/wp-json\/wp\/v2\/users\/57"}],"replies":[{"embeddable":true,"href":"https:\/\/ami.mr\/fr\/wp-json\/wp\/v2\/comments?post=301556"}],"version-history":[{"count":2,"href":"https:\/\/ami.mr\/fr\/wp-json\/wp\/v2\/posts\/301556\/revisions"}],"predecessor-version":[{"id":301559,"href":"https:\/\/ami.mr\/fr\/wp-json\/wp\/v2\/posts\/301556\/revisions\/301559"}],"wp:featuredmedia":[{"embeddable":true,"href":"https:\/\/ami.mr\/fr\/wp-json\/wp\/v2\/media\/301557"}],"wp:attachment":[{"href":"https:\/\/ami.mr\/fr\/wp-json\/wp\/v2\/media?parent=301556"}],"wp:term":[{"taxonomy":"category","embeddable":true,"href":"https:\/\/ami.mr\/fr\/wp-json\/wp\/v2\/categories?post=301556"},{"taxonomy":"post_tag","embeddable":true,"href":"https:\/\/ami.mr\/fr\/wp-json\/wp\/v2\/tags?post=301556"}],"curies":[{"name":"wp","href":"https:\/\/api.w.org\/{rel}","templated":true}]}}