{"id":301483,"date":"2026-08-27T18:55:09","date_gmt":"2026-08-27T18:55:09","guid":{"rendered":"https:\/\/ami.mr\/fr\/?p=301483"},"modified":"2026-08-27T18:55:09","modified_gmt":"2026-08-27T18:55:09","slug":"le-ministre-des-affaires-etrangeres-lelection-du-candidat-mauritanien-au-poste-de-secretaire-general-de-lorganisation-de-la-cooperation-islamique-reflete-la-confiance-placee-en-elle-et-en-sa-dip","status":"publish","type":"post","link":"https:\/\/ami.mr\/fr\/archives\/301483","title":{"rendered":"Le ministre des Affaires \u00e9trang\u00e8res : L&#8217;\u00e9lection du candidat mauritanien au poste de secr\u00e9taire g\u00e9n\u00e9ral de l&#8217;Organisation de la Coop\u00e9ration Islamique refl\u00e8te la confiance plac\u00e9e en elle et en sa diplomatie"},"content":{"rendered":"<p>Son Excellence le ministre des Affaires \u00e9trang\u00e8res, de la Coop\u00e9ration africaine et des Mauritaniens de l\u2019Ext\u00e9rieur, M. Mohamed Salem Ould Merzoug, a particip\u00e9 aujourd&#8217;hui, jeudi, aux travaux de la conf\u00e9rence d&#8217;urgence des ministres des Affaires \u00e9trang\u00e8res de l&#8217;Organisation de la Coop\u00e9ration islamique, qui se tient dans la ville de Jeddah, en Arabie Saoudite.<\/p>\n<p>Au cours de la conf\u00e9rence, un certain nombre de questions prioritaires ont \u00e9t\u00e9 au menu des discussions, notamment l&#8217;\u00e9lection d&#8217;un nouveau secr\u00e9taire g\u00e9n\u00e9ral pour l&#8217;Organisation de la Coop\u00e9ration islamique. C\u2019est M. Ismail Ould Cheikh Ahmed qui a \u00e9t\u00e9 \u00e9lu \u00e0 l&#8217;unanimit\u00e9 \u00e0 ce poste. La rencontre a aussi port\u00e9 sur l\u2019\u00e9volution de la situation dans les territoires palestiniens et les d\u00e9veloppements r\u00e9gionaux et internationaux connexes.<\/p>\n<p>Dans son discours prononc\u00e9 \u00e0 cette occasion, le ministre a exprim\u00e9 sa sinc\u00e8re gratitude et son appr\u00e9ciation \u00e0 leurs majest\u00e9s et excellences les ministres des Affaires \u00e9trang\u00e8res des \u00c9tats membres pour avoir r\u00e9pondu \u00e0 l&#8217;invitation et particip\u00e9 \u00e0 cette r\u00e9union extraordinaire. Il a \u00e9galement salu\u00e9 les efforts des participants, du secr\u00e9tariat g\u00e9n\u00e9ral de l&#8217;Organisation de la Coop\u00e9ration islamique et de ses \u00e9quipes, pour le travail pr\u00e9paratoire efficace accompli en pr\u00e9lude de la r\u00e9union.<\/p>\n<p>Il a pr\u00e9cis\u00e9 que la R\u00e9publique Islamique de Mauritanie, aux c\u00f4t\u00e9s de plusieurs pays fr\u00e8res, a veill\u00e9 \u00e0 convoquer cette r\u00e9union, consciente de l&#8217;importance de l&#8217;enjeu qui unit les \u00c9tats membres, et soucieuse d&#8217;assurer la continuit\u00e9 et le bon fonctionnement de l&#8217;organisation et de ses institutions.<\/p>\n<p>Il a salu\u00e9 le r\u00f4le jou\u00e9 par le Royaume d&#8217;Arabie Saoudite, sous la houlette de Sa Majest\u00e9 le Roi Salmane Ben Abdelaziz Al Saoud et de Son Altesse Royale le Prince Mohammed Ben Salmane Ben Abdelaziz, h\u00e9ritier du tr\u00f4ne et pr\u00e9sident du Conseil des ministres, pour le soutien g\u00e9n\u00e9reux qu&#8217;il apporte \u00e0 l&#8217;Organisation de la Coop\u00e9ration islamique et son apport continu \u00e0 l&#8217;action islamique commune.<\/p>\n<p>Le ministre a f\u00e9licit\u00e9 le secr\u00e9taire g\u00e9n\u00e9ral \u00e9lu, M. Ismail Ould Cheikh Ahmed, lui souhaitant succ\u00e8s et r\u00e9ussite dans l&#8217;exercice de ses fonctions.<\/p>\n<p>Il a soulign\u00e9 que l&#8217;int\u00e9grit\u00e9 et la comp\u00e9tence du secr\u00e9taire g\u00e9n\u00e9ral \u00e9lu, ainsi que son exp\u00e9rience diplomatique et internationale \u00e9tendue, lui permettront de diriger le secr\u00e9tariat g\u00e9n\u00e9ral avec efficacit\u00e9 et impartialit\u00e9, et de renforcer la position et l&#8217;efficacit\u00e9 de l&#8217;organisation, au service des causes de la Oumma et des int\u00e9r\u00eats de ses \u00c9tats et de ses peuples.<\/p>\n<p>Il a \u00e9galement exprim\u00e9, au nom de la R\u00e9publique Islamique de Mauritanie, sa sinc\u00e8re gratitude et sa grande appr\u00e9ciation \u00e0 Leurs Majest\u00e9s et Excellences les ministres des Affaires \u00e9trang\u00e8res des \u00c9tats membres et \u00e0 leurs repr\u00e9sentants pour le soutien apport\u00e9 au candidat mauritanien.<\/p>\n<p>Il a relev\u00e9 que ce choix refl\u00e8te \u00e9galement l&#8217;appr\u00e9ciation des \u00c9tats membres pour le leadership sage de Son Excellence le Pr\u00e9sident de la R\u00e9publique, M. Mohamed Ould Cheikh Ghazouani, et pour son approche constante au service des causes de la Oumma et pour le renforcement de la solidarit\u00e9 et de l&#8217;action islamique commune.<\/p>\n<p>Il a ajout\u00e9 que l&#8217;\u00e9lection du candidat mauritanien repr\u00e9sente une reconnaissance de la cr\u00e9dibilit\u00e9 accumul\u00e9e par la diplomatie mauritanienne, ainsi que du r\u00f4le qu&#8217;elle joue, bas\u00e9 sur la mod\u00e9ration, le dialogue et la construction de consensus, affirmant que la Mauritanie est fi\u00e8re de cette confiance, tout en \u00e9tant consciente de l&#8217;ampleur des responsabilit\u00e9s et des engagements qui en d\u00e9coulent.<\/p>\n<p>En parlant des situations r\u00e9gionales, le ministre a pr\u00e9cis\u00e9 que la r\u00e9union se tient dans un contexte r\u00e9gional et international extr\u00eamement sensible, o\u00f9 la r\u00e9gion du Moyen-Orient conna\u00eet une escalade rapide des tensions, mena\u00e7ant d&#8217;\u00e9largir le cercle des confrontations et exposant les peuples de la r\u00e9gion et du monde \u00e0 davantage de dangers.<\/p>\n<p>Il a pr\u00e9cis\u00e9 que la R\u00e9publique Islamique de Mauritanie consid\u00e8re la s\u00e9curit\u00e9 de la r\u00e9gion comme un tout indivisible, et que la pr\u00e9server n\u00e9cessite le respect de la souverainet\u00e9 de tous ses \u00c9tats et l&#8217;int\u00e9grit\u00e9 de leurs territoires, ainsi que l&#8217;abstention de toute action susceptible de menacer leur s\u00e9curit\u00e9 ou de cibler leurs infrastructures civiles et vitales.<\/p>\n<p>Il a appel\u00e9 \u00e0 r\u00e9duire les tensions et \u00e0 privil\u00e9gier le dialogue et les solutions diplomatiques, afin d&#8217;\u00e9pargner la r\u00e9gion des ravages de la guerre et de l&#8217;instabilit\u00e9, de pr\u00e9server la libert\u00e9 de navigation et de commerce, et de garantir la s\u00e9curit\u00e9 des \u00c9tats et des int\u00e9r\u00eats de leurs peuples.<\/p>\n<p>Concernant la question palestinienne, le ministre a r\u00e9affirm\u00e9 la position constante et soutenue de la Mauritanie en faveur du droit du peuple palestinien \u00e0 la libert\u00e9, \u00e0 la dignit\u00e9 et \u00e0 l&#8217;autod\u00e9termination, ainsi que pour l&#8217;\u00e9tablissement de son \u00c9tat ind\u00e9pendant et souverain sur les fronti\u00e8res du 4 juin 1967, avec pour capitale J\u00e9rusalem-Est.<\/p>\n<p>Il a rappel\u00e9 la n\u00e9cessit\u00e9 de consolider le cessez-le-feu dans la bande de Gaza, de garantir la protection des civils, et de condamner les violations isra\u00e9liennes continues en Cisjordanie, y compris l&#8217;expansion des colonies, les agressions contre les civils, l&#8217;invasion des villes et les tentatives d&#8217;imposer de nouveaux faits sur le terrain.<\/p>\n<p>Il a appel\u00e9 \u00e0 un arr\u00eat imm\u00e9diat de ces violations, tout en pr\u00e9servant la situation historique et l\u00e9gale de J\u00e9rusalem-Est et en prot\u00e9geant la sacralit\u00e9 de ses lieux saints.<\/p>\n<p>La d\u00e9l\u00e9gation accompagnant le ministre comprenait les ambassadeurs de notre pays en Arabie Saoudite, en R\u00e9publique de Turque et en R\u00e9publique arabe d&#8217;\u00c9gypte, ainsi que le directeur de la Ligue arabe et de l&#8217;Organisation de la Coop\u00e9ration islamique, le directeur de la communication et des m\u00e9dias, et le directeur du protocole.<\/p>\n","protected":false},"excerpt":{"rendered":"<p>Son Excellence le ministre des Affaires \u00e9trang\u00e8res, de la Coop\u00e9ration africaine et des Mauritaniens de l\u2019Ext\u00e9rieur, M. Mohamed Salem Ould Merzoug, a particip\u00e9 aujourd&#8217;hui, jeudi, aux travaux de la conf\u00e9rence d&#8217;urgence des ministres des Affaires \u00e9trang\u00e8res de l&#8217;Organisation de la Coop\u00e9ration islamique, qui se tient dans la ville de Jeddah, en Arabie Saoudite. Au cours [&hellip;]<\/p>\n","protected":false},"author":18,"featured_media":301484,"comment_status":"open","ping_status":"open","sticky":false,"template":"","format":"standard","meta":{"footnotes":""},"categories":[63920,63957,25],"tags":[],"class_list":["post-301483","post","type-post","status-publish","format-standard","has-post-thumbnail","hentry","category-a-la-une","category-fil-dactualite","category-25"],"_links":{"self":[{"href":"https:\/\/ami.mr\/fr\/wp-json\/wp\/v2\/posts\/301483","targetHints":{"allow":["GET"]}}],"collection":[{"href":"https:\/\/ami.mr\/fr\/wp-json\/wp\/v2\/posts"}],"about":[{"href":"https:\/\/ami.mr\/fr\/wp-json\/wp\/v2\/types\/post"}],"author":[{"embeddable":true,"href":"https:\/\/ami.mr\/fr\/wp-json\/wp\/v2\/users\/18"}],"replies":[{"embeddable":true,"href":"https:\/\/ami.mr\/fr\/wp-json\/wp\/v2\/comments?post=301483"}],"version-history":[{"count":1,"href":"https:\/\/ami.mr\/fr\/wp-json\/wp\/v2\/posts\/301483\/revisions"}],"predecessor-version":[{"id":301485,"href":"https:\/\/ami.mr\/fr\/wp-json\/wp\/v2\/posts\/301483\/revisions\/301485"}],"wp:featuredmedia":[{"embeddable":true,"href":"https:\/\/ami.mr\/fr\/wp-json\/wp\/v2\/media\/301484"}],"wp:attachment":[{"href":"https:\/\/ami.mr\/fr\/wp-json\/wp\/v2\/media?parent=301483"}],"wp:term":[{"taxonomy":"category","embeddable":true,"href":"https:\/\/ami.mr\/fr\/wp-json\/wp\/v2\/categories?post=301483"},{"taxonomy":"post_tag","embeddable":true,"href":"https:\/\/ami.mr\/fr\/wp-json\/wp\/v2\/tags?post=301483"}],"curies":[{"name":"wp","href":"https:\/\/api.w.org\/{rel}","templated":true}]}}