{"id":301477,"date":"2026-08-27T18:10:22","date_gmt":"2026-08-27T18:10:22","guid":{"rendered":"https:\/\/ami.mr\/fr\/?p=301477"},"modified":"2026-08-27T18:10:22","modified_gmt":"2026-08-27T18:10:22","slug":"le-ministre-des-affaires-etrangeres-rencontre-son-homologue-tunisien-6","status":"publish","type":"post","link":"https:\/\/ami.mr\/fr\/archives\/301477","title":{"rendered":"Le ministre des Affaires \u00e9trang\u00e8res rencontre son homologue tunisien"},"content":{"rendered":"<p>Son Excellence le ministre des Affaires \u00e9trang\u00e8res, de la Coop\u00e9ration africaine et des Mauritaniens de l\u2019Ext\u00e9rieur, M. Mohamed Salem Ould Merzoug, a rencontr\u00e9 aujourd&#8217;hui, jeudi, \u00e0 Jeddah, en Arabie Saoudite, Son Excellence le ministre des Affaires \u00e9trang\u00e8res, de la Migration et des Tunisiens \u00e0 l\u2019\u00c9tranger, M. Mohamed Ali Nafti, en marge de la r\u00e9union d&#8217;urgence de l&#8217;Organisation de la Coop\u00e9ration islamique.<\/p>\n<p>La rencontre a port\u00e9 sur les relations bilat\u00e9rales entre la Mauritanie et la Tunisie, ainsi que sur les moyens de les renforcer et de les d\u00e9velopper au service des int\u00e9r\u00eats communs, en plus de discuter de plusieurs questions d\u2019importance.<\/p>\n","protected":false},"excerpt":{"rendered":"<p>Son Excellence le ministre des Affaires \u00e9trang\u00e8res, de la Coop\u00e9ration africaine et des Mauritaniens de l\u2019Ext\u00e9rieur, M. Mohamed Salem Ould Merzoug, a rencontr\u00e9 aujourd&#8217;hui, jeudi, \u00e0 Jeddah, en Arabie Saoudite, Son Excellence le ministre des Affaires \u00e9trang\u00e8res, de la Migration et des Tunisiens \u00e0 l\u2019\u00c9tranger, M. Mohamed Ali Nafti, en marge de la r\u00e9union d&#8217;urgence [&hellip;]<\/p>\n","protected":false},"author":18,"featured_media":301478,"comment_status":"open","ping_status":"open","sticky":false,"template":"","format":"standard","meta":{"footnotes":""},"categories":[63918,63957,25],"tags":[],"class_list":["post-301477","post","type-post","status-publish","format-standard","has-post-thumbnail","hentry","category-autres","category-fil-dactualite","category-25"],"_links":{"self":[{"href":"https:\/\/ami.mr\/fr\/wp-json\/wp\/v2\/posts\/301477","targetHints":{"allow":["GET"]}}],"collection":[{"href":"https:\/\/ami.mr\/fr\/wp-json\/wp\/v2\/posts"}],"about":[{"href":"https:\/\/ami.mr\/fr\/wp-json\/wp\/v2\/types\/post"}],"author":[{"embeddable":true,"href":"https:\/\/ami.mr\/fr\/wp-json\/wp\/v2\/users\/18"}],"replies":[{"embeddable":true,"href":"https:\/\/ami.mr\/fr\/wp-json\/wp\/v2\/comments?post=301477"}],"version-history":[{"count":1,"href":"https:\/\/ami.mr\/fr\/wp-json\/wp\/v2\/posts\/301477\/revisions"}],"predecessor-version":[{"id":301479,"href":"https:\/\/ami.mr\/fr\/wp-json\/wp\/v2\/posts\/301477\/revisions\/301479"}],"wp:featuredmedia":[{"embeddable":true,"href":"https:\/\/ami.mr\/fr\/wp-json\/wp\/v2\/media\/301478"}],"wp:attachment":[{"href":"https:\/\/ami.mr\/fr\/wp-json\/wp\/v2\/media?parent=301477"}],"wp:term":[{"taxonomy":"category","embeddable":true,"href":"https:\/\/ami.mr\/fr\/wp-json\/wp\/v2\/categories?post=301477"},{"taxonomy":"post_tag","embeddable":true,"href":"https:\/\/ami.mr\/fr\/wp-json\/wp\/v2\/tags?post=301477"}],"curies":[{"name":"wp","href":"https:\/\/api.w.org\/{rel}","templated":true}]}}