{"id":300461,"date":"2026-08-06T13:55:05","date_gmt":"2026-08-06T13:55:05","guid":{"rendered":"https:\/\/ami.mr\/fr\/?p=300461"},"modified":"2026-08-06T13:55:05","modified_gmt":"2026-08-06T13:55:05","slug":"nema-atelier-pour-lelaboration-dun-plan-durgence-regional-face-aux-defis-climatiques","status":"publish","type":"post","link":"https:\/\/ami.mr\/fr\/archives\/300461","title":{"rendered":"N\u00e9ma : Atelier pour l\u2019\u00e9laboration d\u2019un plan d\u2019urgence r\u00e9gional face aux d\u00e9fis climatiques"},"content":{"rendered":"<p>Le wali du Hodh Charghi, M. Yeslem Ould Sidi, a pr\u00e9sid\u00e9, jeudi \u00e0 N\u00e9ma, l\u2019ouverture d\u2019un atelier r\u00e9gional consacr\u00e9 \u00e0 la pr\u00e9paration et \u00e0 la collecte des informations n\u00e9cessaires \u00e0 l\u2019\u00e9laboration et \u00e0 la mise en \u0153uvre d\u2019un nouveau plan d\u2019urgence pour la wilaya du Hodh Charghi.<\/p>\n<p>Cet atelier est organis\u00e9 par l\u2019Unit\u00e9 de coordination des programmes et projets de d\u00e9veloppement du Hodh Charghi, en collaboration avec l\u2019Organisation internationale pour les migrations (OIM), avec l\u2019appui financier de l\u2019Union europ\u00e9enne \u00e0 travers la Direction g\u00e9n\u00e9rale de la protection civile et des op\u00e9rations d\u2019aide humanitaire europ\u00e9ennes (DG ECHO).<\/p>\n<p>Dans son allocution, le wali a soulign\u00e9 que la pr\u00e9paration aux catastrophes et aux risques climatiques n\u2019est plus une option, mais une n\u00e9cessit\u00e9 absolue pour prot\u00e9ger les vies et les biens. Il a insist\u00e9 sur l\u2019importance d\u2019une planification proactive et du renforcement des capacit\u00e9s r\u00e9gionales afin de faire face aux d\u00e9fis croissants, notamment la s\u00e9cheresse, les feux de brousse, les inondations, ainsi que les pressions li\u00e9es aux mouvements de r\u00e9fugi\u00e9s et de populations.<\/p>\n<p>Il a ajout\u00e9 que ce plan s\u2019inscrit dans le cadre des orientations de Son Excellence le Pr\u00e9sident de la R\u00e9publique, M. Mohamed Ould Cheikh El Ghazouani, visant \u00e0 prot\u00e9ger les p\u00e2turages et les ressources naturelles, \u00e0 renforcer la r\u00e9silience des populations et \u00e0 promouvoir le d\u00e9veloppement local.<\/p>\n<p>Pour sa part, M. Cheikh Ould Abdallahi Ould Wah, coordonnateur de l\u2019Unit\u00e9 de coordination des programmes et projets de d\u00e9veloppement du Hodh Charghi, a indiqu\u00e9 que cet atelier constitue une \u00e9tape essentielle pour renforcer la coordination entre les diff\u00e9rentes parties prenantes en vue de mettre en place des m\u00e9canismes clairs d\u2019alerte pr\u00e9coce et d\u2019intervention rapide.<\/p>\n<p>Il a salu\u00e9 le partenariat fructueux entre l\u2019Unit\u00e9 de coordination des programmes et projets de d\u00e9veloppement du Hodh Charghi et l\u2019Organisation internationale pour les migrations (OIM), ainsi que le soutien apport\u00e9 par l\u2019Union europ\u00e9enne.<\/p>\n<p>Il a soulign\u00e9 que la r\u00e9ussite du plan d\u2019urgence repose sur une coop\u00e9ration \u00e9troite et une compl\u00e9mentarit\u00e9 des r\u00f4les entre l\u2019administration territoriale, les \u00e9lus, les services techniques, les organisations internationales et les organisations de la soci\u00e9t\u00e9 civile.<\/p>\n<p>S\u2019exprimant au nom de l\u2019OIM, le responsable du projet ECHO a remerci\u00e9 les autorit\u00e9s r\u00e9gionales du Hodh Charghi pour leur r\u00f4le moteur dans l\u2019\u00e9laboration de ce plan d\u2019urgence.<\/p>\n<p>Il a pr\u00e9cis\u00e9 que ce projet vise \u00e0 renforcer durablement les capacit\u00e9s institutionnelles et \u00e0 doter les autorit\u00e9s et leurs partenaires d\u2019un cadre op\u00e9rationnel actualis\u00e9, capable de s\u2019adapter aux risques actuels, afin de garantir une r\u00e9ponse rapide et efficace \u00e0 toute crise future.<\/p>\n<p>La c\u00e9r\u00e9monie d\u2019ouverture de l\u2019atelier s\u2019est d\u00e9roul\u00e9e en pr\u00e9sence des hakems des moughataas de N\u00e9ma, Adel Bagrou et Bassiknou, du maire de la commune de N\u00e9ma, des d\u00e9l\u00e9gu\u00e9s r\u00e9gionaux des d\u00e9partements de l\u2019Agriculture, de l\u2019\u00c9levage, de l\u2019Environnement, de l\u2019Hydraulique et de l\u2019Assainissement, ainsi que des repr\u00e9sentants de plusieurs organismes et organisations internationales pr\u00e9sents dans le pays, et des responsables des services de s\u00e9curit\u00e9 et des forces arm\u00e9es dans la wilaya.<\/p>\n","protected":false},"excerpt":{"rendered":"<p>Le wali du Hodh Charghi, M. Yeslem Ould Sidi, a pr\u00e9sid\u00e9, jeudi \u00e0 N\u00e9ma, l\u2019ouverture d\u2019un atelier r\u00e9gional consacr\u00e9 \u00e0 la pr\u00e9paration et \u00e0 la collecte des informations n\u00e9cessaires \u00e0 l\u2019\u00e9laboration et \u00e0 la mise en \u0153uvre d\u2019un nouveau plan d\u2019urgence pour la wilaya du Hodh Charghi. Cet atelier est organis\u00e9 par l\u2019Unit\u00e9 de coordination [&hellip;]<\/p>\n","protected":false},"author":21,"featured_media":300462,"comment_status":"open","ping_status":"open","sticky":false,"template":"","format":"standard","meta":{"footnotes":""},"categories":[63918,63957,8672],"tags":[],"class_list":["post-300461","post","type-post","status-publish","format-standard","has-post-thumbnail","hentry","category-autres","category-fil-dactualite","category-8672"],"_links":{"self":[{"href":"https:\/\/ami.mr\/fr\/wp-json\/wp\/v2\/posts\/300461","targetHints":{"allow":["GET"]}}],"collection":[{"href":"https:\/\/ami.mr\/fr\/wp-json\/wp\/v2\/posts"}],"about":[{"href":"https:\/\/ami.mr\/fr\/wp-json\/wp\/v2\/types\/post"}],"author":[{"embeddable":true,"href":"https:\/\/ami.mr\/fr\/wp-json\/wp\/v2\/users\/21"}],"replies":[{"embeddable":true,"href":"https:\/\/ami.mr\/fr\/wp-json\/wp\/v2\/comments?post=300461"}],"version-history":[{"count":1,"href":"https:\/\/ami.mr\/fr\/wp-json\/wp\/v2\/posts\/300461\/revisions"}],"predecessor-version":[{"id":300463,"href":"https:\/\/ami.mr\/fr\/wp-json\/wp\/v2\/posts\/300461\/revisions\/300463"}],"wp:featuredmedia":[{"embeddable":true,"href":"https:\/\/ami.mr\/fr\/wp-json\/wp\/v2\/media\/300462"}],"wp:attachment":[{"href":"https:\/\/ami.mr\/fr\/wp-json\/wp\/v2\/media?parent=300461"}],"wp:term":[{"taxonomy":"category","embeddable":true,"href":"https:\/\/ami.mr\/fr\/wp-json\/wp\/v2\/categories?post=300461"},{"taxonomy":"post_tag","embeddable":true,"href":"https:\/\/ami.mr\/fr\/wp-json\/wp\/v2\/tags?post=300461"}],"curies":[{"name":"wp","href":"https:\/\/api.w.org\/{rel}","templated":true}]}}