{"id":294411,"date":"2026-05-01T20:09:46","date_gmt":"2026-05-01T20:09:46","guid":{"rendered":"https:\/\/ami.mr\/fr\/?p=294411"},"modified":"2026-05-01T20:09:46","modified_gmt":"2026-05-01T20:09:46","slug":"les-travailleurs-nationaux-de-tout-le-territoire-national-celebrent-leur-fete-internationale","status":"publish","type":"post","link":"https:\/\/ami.mr\/fr\/archives\/294411","title":{"rendered":"Les travailleurs nationaux de tout le territoire national c\u00e9l\u00e8brent leur f\u00eate internationale"},"content":{"rendered":"<p>Les travailleurs nationaux de tout le territoire national ont c\u00e9l\u00e9br\u00e9, ce vendredi, la Journ\u00e9e internationale du travail, qui co\u00efncide avec le 1er mai de chaque ann\u00e9e, dans une atmosph\u00e8re caract\u00e9ris\u00e9e par la mobilisation syndicale et la pr\u00e9sentation d&#8217;une s\u00e9rie de revendications professionnelles et sociales.<\/p>\n<p><img decoding=\"async\" class=\"alignnone  wp-image-294413\" src=\"https:\/\/ami.mr\/fr\/wp-content\/uploads\/2026\/05\/01-05-2026-S00001-inchri-300x135.jpg\" alt=\"\" width=\"431\" height=\"194\" srcset=\"https:\/\/ami.mr\/fr\/wp-content\/uploads\/2026\/05\/01-05-2026-S00001-inchri-300x135.jpg 300w, https:\/\/ami.mr\/fr\/wp-content\/uploads\/2026\/05\/01-05-2026-S00001-inchri-1024x461.jpg 1024w, https:\/\/ami.mr\/fr\/wp-content\/uploads\/2026\/05\/01-05-2026-S00001-inchri-768x346.jpg 768w, https:\/\/ami.mr\/fr\/wp-content\/uploads\/2026\/05\/01-05-2026-S00001-inchri.jpg 1400w\" sizes=\"(max-width: 431px) 100vw, 431px\" \/><\/p>\n<p>Dans la wilaya de l&#8217;Inchiri, le Wali, M. Moulay Idriss Ould Sass Ould Guig, a supervis\u00e9, ce vendredi, sur la place de l&#8217;Ind\u00e9pendance \u00e0 Akjoujt, les activit\u00e9s de c\u00e9l\u00e9bration de la F\u00eate internationale des travailleurs, avec la participation de plusieurs syndicats et f\u00e9d\u00e9rations ouvri\u00e8res.<\/p>\n<p>Le Wali a re\u00e7u des p\u00e9titions de diverses organisations syndicales, contenant des revendications relatives \u00e0 l&#8217;am\u00e9lioration des conditions des travailleurs, \u00e0 la r\u00e9gularisation des situations professionnelles en suspens, en plus de la garantie des droits li\u00e9s au recrutement.<\/p>\n<p>Les syndicats ont \u00e9galement appel\u00e9 \u00e0 la r\u00e9vision du Code du travail pour s&#8217;adapter aux d\u00e9veloppements, et \u00e0 l&#8217;adoption de l\u00e9gislations limitant les licenciements collectifs des travailleurs, tout en saluant l&#8217;augmentation du salaire minimum. Ils ont \u00e9galement soulign\u00e9 la n\u00e9cessit\u00e9 de g\u00e9n\u00e9raliser la couverture sanitaire, d&#8217;\u00e9largir l&#8217;assurance maladie et de renforcer les programmes de formation continue pour am\u00e9liorer les comp\u00e9tences des travailleurs et la productivit\u00e9.<\/p>\n<p><img decoding=\"async\" class=\"alignnone  wp-image-294414\" src=\"https:\/\/ami.mr\/fr\/wp-content\/uploads\/2026\/05\/01-05-2026-S00001-assaba-300x135.jpg\" alt=\"\" width=\"447\" height=\"201\" srcset=\"https:\/\/ami.mr\/fr\/wp-content\/uploads\/2026\/05\/01-05-2026-S00001-assaba-300x135.jpg 300w, https:\/\/ami.mr\/fr\/wp-content\/uploads\/2026\/05\/01-05-2026-S00001-assaba-1024x461.jpg 1024w, https:\/\/ami.mr\/fr\/wp-content\/uploads\/2026\/05\/01-05-2026-S00001-assaba-768x346.jpg 768w, https:\/\/ami.mr\/fr\/wp-content\/uploads\/2026\/05\/01-05-2026-S00001-assaba.jpg 1400w\" sizes=\"(max-width: 447px) 100vw, 447px\" \/><\/p>\n<p>Dans la wilaya de l&#8217;Assaba, les syndicats et conf\u00e9d\u00e9rations ouvri\u00e8res ont organis\u00e9 une marche \u00e0 pied vers les locaux de la wilaya, o\u00f9 des p\u00e9titions ont \u00e9t\u00e9 remises aux autorit\u00e9s administratives.<\/p>\n<p>Les p\u00e9titions comprenaient des revendications d&#8217;augmentation des salaires, de r\u00e9vision du salaire minimum, de r\u00e9duction de l&#8217;imp\u00f4t sur les salaires et traitements (ITS), et d&#8217;am\u00e9lioration des conditions de vie des travailleurs.<\/p>\n<p>Dans un discours prononc\u00e9 \u00e0 cette occasion, le Wali, M. Ahmedou Adahi Khteira, a f\u00e9licit\u00e9 les travailleurs pour leur f\u00eate internationale, saluant l&#8217;attention accord\u00e9e par Son Excellence le Pr\u00e9sident de la R\u00e9publique, Monsieur Mohamed Ould Cheikh El Ghazouani, \u00e0 la classe ouvri\u00e8re, et affirmant que les r\u00e9centes am\u00e9liorations salariales repr\u00e9sentent un premier pas vers de nouvelles am\u00e9liorations.<\/p>\n<p><img decoding=\"async\" class=\"alignnone  wp-image-294415\" src=\"https:\/\/ami.mr\/fr\/wp-content\/uploads\/2026\/05\/01-05-2026-S00001-tiress-300x135.jpg\" alt=\"\" width=\"524\" height=\"236\" srcset=\"https:\/\/ami.mr\/fr\/wp-content\/uploads\/2026\/05\/01-05-2026-S00001-tiress-300x135.jpg 300w, https:\/\/ami.mr\/fr\/wp-content\/uploads\/2026\/05\/01-05-2026-S00001-tiress-1024x461.jpg 1024w, https:\/\/ami.mr\/fr\/wp-content\/uploads\/2026\/05\/01-05-2026-S00001-tiress-768x346.jpg 768w, https:\/\/ami.mr\/fr\/wp-content\/uploads\/2026\/05\/01-05-2026-S00001-tiress.jpg 1400w\" sizes=\"(max-width: 524px) 100vw, 524px\" \/><\/p>\n<p>Dans la wilaya du Tiris Zemmour, les f\u00e9d\u00e9rations, conf\u00e9d\u00e9rations et syndicats ouvriers ont c\u00e9l\u00e9br\u00e9, ce vendredi matin \u00e0 Zouerate, la F\u00eate internationale des travailleurs.<\/p>\n<p>Les travailleurs ont organis\u00e9 des marches qui ont parcouru la rue principale de la ville, brandissant des pancartes et des slogans appelant \u00e0 l&#8217;am\u00e9lioration de leurs conditions, avant que les repr\u00e9sentants des syndicats ne se dirigent vers la tribune officielle, o\u00f9 ils ont \u00e9t\u00e9 accueillis par le Wali de la wilaya du Tiris Zemmour, M. Idrissa Demba Korera.<\/p>\n<p>Le Wali a re\u00e7u les p\u00e9titions pr\u00e9sent\u00e9es par les f\u00e9d\u00e9rations et syndicats ouvriers, qui mettaient l&#8217;accent sur l&#8217;am\u00e9lioration des conditions de vie des travailleurs dans divers domaines, la demande d&#8217;une augmentation g\u00e9n\u00e9rale des salaires, l&#8217;am\u00e9lioration des performances des services sociaux, la repr\u00e9sentation des travailleurs dans les conseils d&#8217;administration de leurs institutions, la r\u00e9vision des conventions collectives de travail, en plus de la r\u00e9duction des prix des denr\u00e9es alimentaires et d&#8217;autres revendications.<\/p>\n<p>Les repr\u00e9sentants des syndicats ont \u00e9galement salu\u00e9 les mesures prises par le conseil d&#8217;administration de la &#8220;SNIM&#8221; en faveur de ses travailleurs, qui ont \u00e9t\u00e9 largement appr\u00e9ci\u00e9es par les travailleurs, saluant \u00e9galement les mesures sociales prises par les hautes autorit\u00e9s du pays pour faire face aux r\u00e9percussions de la crise mondiale.<\/p>\n<p><img decoding=\"async\" class=\"alignnone  wp-image-294416\" src=\"https:\/\/ami.mr\/fr\/wp-content\/uploads\/2026\/05\/01-05-2026-S00001-trarza-300x135.jpg\" alt=\"\" width=\"462\" height=\"208\" srcset=\"https:\/\/ami.mr\/fr\/wp-content\/uploads\/2026\/05\/01-05-2026-S00001-trarza-300x135.jpg 300w, https:\/\/ami.mr\/fr\/wp-content\/uploads\/2026\/05\/01-05-2026-S00001-trarza-1024x461.jpg 1024w, https:\/\/ami.mr\/fr\/wp-content\/uploads\/2026\/05\/01-05-2026-S00001-trarza-768x346.jpg 768w, https:\/\/ami.mr\/fr\/wp-content\/uploads\/2026\/05\/01-05-2026-S00001-trarza.jpg 1400w\" sizes=\"(max-width: 462px) 100vw, 462px\" \/><\/p>\n<p>Dans la wilaya du Trarza, les travailleurs nationaux ont c\u00e9l\u00e9br\u00e9 leur f\u00eate internationale dans une atmosph\u00e8re caract\u00e9ris\u00e9e par l&#8217;esprit de responsabilit\u00e9 et l&#8217;expression pacifique des revendications.<\/p>\n<p>L&#8217;\u00e9v\u00e9nement a \u00e9t\u00e9 marqu\u00e9 par l&#8217;organisation de marches \u00e0 pied auxquelles ont particip\u00e9 des travailleurs de divers secteurs et institutions, au cours desquelles des slogans ont \u00e9t\u00e9 brandis, affirmant l&#8217;attachement aux droits professionnels et appelant \u00e0 l&#8217;am\u00e9lioration des conditions de travail et au renforcement de la protection sociale.<\/p>\n<p>Ces activit\u00e9s ont abouti \u00e0 la pr\u00e9sentation de p\u00e9titions au Wali mou\u00e7aid de la wilaya, M. Sidi Mohamed Abdellahi El Bounani, qui comprenaient une s\u00e9rie de revendications, dont les plus importantes \u00e9taient la r\u00e9gularisation de la situation des travailleurs, l&#8217;am\u00e9lioration des salaires et l&#8217;\u00e9largissement de la couverture de la s\u00e9curit\u00e9 sociale.<\/p>\n<p>Les participants ont soulign\u00e9 que la comm\u00e9moration de cet anniversaire constitue une opportunit\u00e9 de renouveler l&#8217;engagement \u00e0 d\u00e9fendre les droits et \u00e0 renforcer les acquis, appelant \u00e0 l&#8217;\u00e9tablissement d&#8217;un dialogue s\u00e9rieux et constructif entre les diff\u00e9rents partenaires sociaux.<\/p>\n<p><img decoding=\"async\" class=\"alignnone  wp-image-294417\" src=\"https:\/\/ami.mr\/fr\/wp-content\/uploads\/2026\/05\/01-05-2026-S00001NDB-300x135.jpg\" alt=\"\" width=\"524\" height=\"236\" srcset=\"https:\/\/ami.mr\/fr\/wp-content\/uploads\/2026\/05\/01-05-2026-S00001NDB-300x135.jpg 300w, https:\/\/ami.mr\/fr\/wp-content\/uploads\/2026\/05\/01-05-2026-S00001NDB-1024x461.jpg 1024w, https:\/\/ami.mr\/fr\/wp-content\/uploads\/2026\/05\/01-05-2026-S00001NDB-768x346.jpg 768w, https:\/\/ami.mr\/fr\/wp-content\/uploads\/2026\/05\/01-05-2026-S00001NDB.jpg 1400w\" sizes=\"(max-width: 524px) 100vw, 524px\" \/><\/p>\n<p>Dans la wilaya de Dakhlet Nouadhibou, les repr\u00e9sentations des f\u00e9d\u00e9rations et syndicats ouvriers ont c\u00e9l\u00e9br\u00e9 la F\u00eate internationale du travail en organisant des marches et des festivals, suivis de la remise de p\u00e9titions dans les locaux de la wilaya au Wali, Mme Tveila Mohamedene Hadine.<\/p>\n<p>Les p\u00e9titions comprenaient des revendications d&#8217;augmentation des salaires, de r\u00e9duction des imp\u00f4ts, d&#8217;application de certaines lois sur la p\u00eache, de d\u00e9livrance de cartes pour les classificateurs de poissons, de r\u00e9duction des prix des denr\u00e9es alimentaires, d&#8217;am\u00e9lioration des conditions des retrait\u00e9s et de prise en charge par les institutions des imp\u00f4ts dus par les travailleurs. Ils ont \u00e9galement salu\u00e9 les mesures et l\u00e9gislations adopt\u00e9es en faveur des employ\u00e9s, appelant \u00e0 leur renforcement.<\/p>\n<p><img decoding=\"async\" class=\"alignnone  wp-image-294418\" src=\"https:\/\/ami.mr\/fr\/wp-content\/uploads\/2026\/05\/01-05-2026-S00001-ADRAR-300x135.jpg\" alt=\"\" width=\"476\" height=\"214\" srcset=\"https:\/\/ami.mr\/fr\/wp-content\/uploads\/2026\/05\/01-05-2026-S00001-ADRAR-300x135.jpg 300w, https:\/\/ami.mr\/fr\/wp-content\/uploads\/2026\/05\/01-05-2026-S00001-ADRAR-1024x461.jpg 1024w, https:\/\/ami.mr\/fr\/wp-content\/uploads\/2026\/05\/01-05-2026-S00001-ADRAR-768x346.jpg 768w, https:\/\/ami.mr\/fr\/wp-content\/uploads\/2026\/05\/01-05-2026-S00001-ADRAR.jpg 1400w\" sizes=\"(max-width: 476px) 100vw, 476px\" \/><\/p>\n<p>Dans la wilaya de l&#8217;Adrar, les travailleurs ont c\u00e9l\u00e9br\u00e9 leur f\u00eate internationale en organisant une marche festive \u00e0 laquelle ont particip\u00e9 divers syndicats ouvriers, au cours de laquelle des pancartes et des slogans appelant \u00e0 l&#8217;am\u00e9lioration des conditions de vie des travailleurs ont \u00e9t\u00e9 brandis, avant que les repr\u00e9sentants des syndicats ne se dirigent vers les locaux de la wilaya pour pr\u00e9senter leurs p\u00e9titions au Wali, M. Abdellahi Ould Mohamed Mahmoud.<\/p>\n<p>Le Wali a f\u00e9licit\u00e9 les travailleurs nationaux \u00e0 l&#8217;occasion du 1er mai, soulignant son importance dans le soutien au d\u00e9veloppement local, le renforcement de la croissance \u00e9conomique et l&#8217;\u00e9tablissement de la stabilit\u00e9 et du bien-\u00eatre social. Il a pass\u00e9 en revue les d\u00e9fis de d\u00e9veloppement au niveau de la wilaya et les mesures pratiques prises pour am\u00e9liorer les conditions de vie des travailleurs, appelant \u00e0 prendre en compte la situation internationale en rationalisant les ressources et en am\u00e9liorant les performances.<\/p>\n<p>Le d\u00e9l\u00e9gu\u00e9 r\u00e9gional de la fonction publique et du travail, M. Adnane Ould Abdallahi, a \u00e9galement soulign\u00e9 que l&#8217;occasion \u00e9tait une opportunit\u00e9 de c\u00e9l\u00e9brer les acquis des travailleurs, en plus de pr\u00e9senter leurs revendications visant \u00e0 am\u00e9liorer leurs conditions de vie.<\/p>\n<p><img decoding=\"async\" class=\"alignnone  wp-image-294419\" src=\"https:\/\/ami.mr\/fr\/wp-content\/uploads\/2026\/05\/01-05-2026-S00001-HAD-GARBI-300x135.jpg\" alt=\"\" width=\"498\" height=\"224\" srcset=\"https:\/\/ami.mr\/fr\/wp-content\/uploads\/2026\/05\/01-05-2026-S00001-HAD-GARBI-300x135.jpg 300w, https:\/\/ami.mr\/fr\/wp-content\/uploads\/2026\/05\/01-05-2026-S00001-HAD-GARBI-1024x461.jpg 1024w, https:\/\/ami.mr\/fr\/wp-content\/uploads\/2026\/05\/01-05-2026-S00001-HAD-GARBI-768x346.jpg 768w, https:\/\/ami.mr\/fr\/wp-content\/uploads\/2026\/05\/01-05-2026-S00001-HAD-GARBI.jpg 1400w\" sizes=\"(max-width: 498px) 100vw, 498px\" \/><\/p>\n<p>Dans la wilaya du Hodh El Gharbi, les syndicats et conf\u00e9d\u00e9rations ouvri\u00e8res ont c\u00e9l\u00e9br\u00e9 la Journ\u00e9e internationale des travailleurs en organisant des marches au cours desquelles des banderoles et des slogans ont \u00e9t\u00e9 brandis, exigeant l&#8217;am\u00e9lioration des conditions de vie et juridiques des travailleurs.<\/p>\n<p>Le wali de la wilaya, M. Mohamed Ould Ahmed Maouloud, a re\u00e7u les p\u00e9titions apr\u00e8s avoir accueilli les marches organis\u00e9es par ces entit\u00e9s sur la place de la wilaya.<\/p>\n<p>Le wali a f\u00e9licit\u00e9 les travailleurs de la wilaya, saluant leur r\u00f4le au service de la nation et soulignant l&#8217;int\u00e9r\u00eat qu\u2019accorde SOn Excellence le Pr\u00e9sident de la R\u00e9publique, Monsieur Mohamed Ould Cheikh El Ghazouani, aux droits des travailleurs et pour veiller \u00e0 l&#8217;am\u00e9lioration de leurs conditions.<\/p>\n<p><img decoding=\"async\" class=\"alignnone  wp-image-294420\" src=\"https:\/\/ami.mr\/fr\/wp-content\/uploads\/2026\/05\/01-05-2026-S0000GORGOL-300x135.jpg\" alt=\"\" width=\"456\" height=\"205\" srcset=\"https:\/\/ami.mr\/fr\/wp-content\/uploads\/2026\/05\/01-05-2026-S0000GORGOL-300x135.jpg 300w, https:\/\/ami.mr\/fr\/wp-content\/uploads\/2026\/05\/01-05-2026-S0000GORGOL-1024x461.jpg 1024w, https:\/\/ami.mr\/fr\/wp-content\/uploads\/2026\/05\/01-05-2026-S0000GORGOL-768x346.jpg 768w, https:\/\/ami.mr\/fr\/wp-content\/uploads\/2026\/05\/01-05-2026-S0000GORGOL.jpg 1400w\" sizes=\"(max-width: 456px) 100vw, 456px\" \/><\/p>\n<p>Dans la wilaya de Gorgol, les syndicats et conf\u00e9d\u00e9rations ouvri\u00e8res ont c\u00e9l\u00e9br\u00e9, ce vendredi matin, la Journ\u00e9e internationale des travailleurs, dans une atmosph\u00e8re marqu\u00e9e par la mobilisation et la revendication de l&#8217;am\u00e9lioration des conditions des travailleurs et du renforcement de leurs acquis.<\/p>\n<p>Une marche \u00e0 pied a parcouru plusieurs rues principales de la ville de Ka\u00e9di, avec une pr\u00e9sence consid\u00e9rable de travailleurs et de membres de divers secteurs, avant de se diriger vers les locaux de la wilaya, o\u00f9 des slogans ont \u00e9t\u00e9 brandis, affirmant l&#8217;attachement aux droits professionnels et la n\u00e9cessit\u00e9 d&#8217;am\u00e9liorer les conditions \u00e9conomiques et sociales des travailleurs.<\/p>\n<p>\u00c0 la fin de la marche, les repr\u00e9sentants des syndicats ont remis des p\u00e9titions au pr\u00e9fet du d\u00e9partement de Ka\u00e9di, M. Sidna Ould Zein El Abidine.<\/p>\n<p>Les porte-parole des syndicats ont affirm\u00e9, dans leurs discours \u00e0 cette occasion, que la c\u00e9l\u00e9bration de la Journ\u00e9e internationale des travailleurs constitue une \u00e9tape annuelle pour renouveler l&#8217;engagement \u00e0 d\u00e9fendre les droits des travailleurs et \u00e0 rappeler leurs luttes pour la dignit\u00e9 et la justice sociale, saluant les progr\u00e8s positifs r\u00e9alis\u00e9s dans certains dossiers sociaux.<\/p>\n<p><img decoding=\"async\" class=\"alignnone  wp-image-294421\" src=\"https:\/\/ami.mr\/fr\/wp-content\/uploads\/2026\/05\/01-05-2026-S00001-LBRAKNA-300x135.jpg\" alt=\"\" width=\"416\" height=\"187\" srcset=\"https:\/\/ami.mr\/fr\/wp-content\/uploads\/2026\/05\/01-05-2026-S00001-LBRAKNA-300x135.jpg 300w, https:\/\/ami.mr\/fr\/wp-content\/uploads\/2026\/05\/01-05-2026-S00001-LBRAKNA-1024x461.jpg 1024w, https:\/\/ami.mr\/fr\/wp-content\/uploads\/2026\/05\/01-05-2026-S00001-LBRAKNA-768x346.jpg 768w, https:\/\/ami.mr\/fr\/wp-content\/uploads\/2026\/05\/01-05-2026-S00001-LBRAKNA.jpg 1400w\" sizes=\"(max-width: 416px) 100vw, 416px\" \/><\/p>\n<p>Dans la wilaya du Brakna, les syndicats ont organis\u00e9 des marches qui ont parcouru les rues principales de la ville, au cours desquelles des banderoles ont \u00e9t\u00e9 brandies, exigeant dans l&#8217;ensemble l&#8217;am\u00e9lioration des conditions des travailleurs.<\/p>\n<p>\u00c0 la fin de leurs marches, les centrales syndicales ont remis leurs p\u00e9titions au wali du Brakna, M. Tayeb Ould Mohamed Mahmoud, qui les a accueillies \u00e0 l&#8217;entr\u00e9e des locaux de la wilaya, o\u00f9 il s&#8217;est engag\u00e9 \u00e0 les transmettre aux autorit\u00e9s comp\u00e9tentes, souhaitant succ\u00e8s et r\u00e9ussite \u00e0 tous les travailleurs.<\/p>\n<p>Les syndicats ont demand\u00e9 la correction des situations des travailleurs et l&#8217;am\u00e9lioration de leurs conditions de vie, saluant en m\u00eame temps les r\u00e9alisations accomplies en faveur des travailleurs dans divers domaines.<\/p>\n<p>Les c\u00e9r\u00e9monies de r\u00e9ception des p\u00e9titions se sont d\u00e9roul\u00e9es dans les diff\u00e9rentes capitales de wilayas, en pr\u00e9sence des autorit\u00e9s administratives et s\u00e9curitaires.<\/p>\n","protected":false},"excerpt":{"rendered":"<p>Les travailleurs nationaux de tout le territoire national ont c\u00e9l\u00e9br\u00e9, ce vendredi, la Journ\u00e9e internationale du travail, qui co\u00efncide avec le 1er mai de chaque ann\u00e9e, dans une atmosph\u00e8re caract\u00e9ris\u00e9e par la mobilisation syndicale et la pr\u00e9sentation d&#8217;une s\u00e9rie de revendications professionnelles et sociales. Dans la wilaya de l&#8217;Inchiri, le Wali, M. Moulay Idriss Ould [&hellip;]<\/p>\n","protected":false},"author":53,"featured_media":294412,"comment_status":"open","ping_status":"open","sticky":false,"template":"","format":"standard","meta":{"footnotes":""},"categories":[63918,63957,63923,8672],"tags":[],"class_list":["post-294411","post","type-post","status-publish","format-standard","has-post-thumbnail","hentry","category-autres","category-fil-dactualite","category-slider-wilayas","category-8672"],"_links":{"self":[{"href":"https:\/\/ami.mr\/fr\/wp-json\/wp\/v2\/posts\/294411","targetHints":{"allow":["GET"]}}],"collection":[{"href":"https:\/\/ami.mr\/fr\/wp-json\/wp\/v2\/posts"}],"about":[{"href":"https:\/\/ami.mr\/fr\/wp-json\/wp\/v2\/types\/post"}],"author":[{"embeddable":true,"href":"https:\/\/ami.mr\/fr\/wp-json\/wp\/v2\/users\/53"}],"replies":[{"embeddable":true,"href":"https:\/\/ami.mr\/fr\/wp-json\/wp\/v2\/comments?post=294411"}],"version-history":[{"count":1,"href":"https:\/\/ami.mr\/fr\/wp-json\/wp\/v2\/posts\/294411\/revisions"}],"predecessor-version":[{"id":294422,"href":"https:\/\/ami.mr\/fr\/wp-json\/wp\/v2\/posts\/294411\/revisions\/294422"}],"wp:featuredmedia":[{"embeddable":true,"href":"https:\/\/ami.mr\/fr\/wp-json\/wp\/v2\/media\/294412"}],"wp:attachment":[{"href":"https:\/\/ami.mr\/fr\/wp-json\/wp\/v2\/media?parent=294411"}],"wp:term":[{"taxonomy":"category","embeddable":true,"href":"https:\/\/ami.mr\/fr\/wp-json\/wp\/v2\/categories?post=294411"},{"taxonomy":"post_tag","embeddable":true,"href":"https:\/\/ami.mr\/fr\/wp-json\/wp\/v2\/tags?post=294411"}],"curies":[{"name":"wp","href":"https:\/\/api.w.org\/{rel}","templated":true}]}}