{"id":294362,"date":"2026-04-30T21:32:44","date_gmt":"2026-04-30T21:32:44","guid":{"rendered":"https:\/\/ami.mr\/fr\/?p=294362"},"modified":"2026-05-01T09:38:17","modified_gmt":"2026-05-01T09:38:17","slug":"le-ministere-des-affaires-etrangeres-suit-de-pres-la-situation-du-citoyen-mauritanien-mohamed-baba-et-engage-des-demarches-diplomatiques-pour-sa-liberation","status":"publish","type":"post","link":"https:\/\/ami.mr\/fr\/archives\/294362","title":{"rendered":"Le minist\u00e8re des affaires \u00e9trang\u00e8res suit de pr\u00e8s la situation du citoyen mauritanien Mohamed Baba et engage des d\u00e9marches diplomatiques pour sa lib\u00e9ration"},"content":{"rendered":"<p>Le minist\u00e8re des Affaires \u00e9trang\u00e8res, de la Coop\u00e9ration africaine et des Mauritaniens de l\u2019ext\u00e9rieur a indiqu\u00e9, dans un communiqu\u00e9 publi\u00e9 ce jeudi, qu\u2019il suit avec une vive attention la situation du citoyen mauritanien, docteur Mohamed Baba, qui se trouvait \u00e0 bord du navire \u00ab Al-Soumoud \u00bb, en mission humanitaire \u00e0 destination de la bande de Gaza.<\/p>\n<p>Le minist\u00e8re pr\u00e9cise qu\u2019il suit ce dossier de mani\u00e8re \u00e9troite, \u00e0 travers ses repr\u00e9sentations diplomatiques accr\u00e9dit\u00e9es et en coordination avec les parties concern\u00e9es, afin de s\u2019assurer de la s\u00e9curit\u00e9 et de l\u2019int\u00e9grit\u00e9 du citoyen concern\u00e9, tout en veillant \u00e0 la pr\u00e9servation de ses droits.<\/p>\n<p>Il ajoute poursuivre ses contacts et d\u00e9marches diplomatiques en vue de recueillir l\u2019ensemble des informations relatives \u00e0 sa situation et d\u2019\u0153uvrer \u00e0 sa lib\u00e9ration dans les meilleurs d\u00e9lais.<\/p>\n<p>Le minist\u00e8re r\u00e9affirme, par ailleurs, son attachement constant \u00e0 la protection des ressortissants mauritaniens \u00e0 l\u2019\u00e9tranger et \u00e0 la d\u00e9fense de leurs int\u00e9r\u00eats, dans le strict respect des lois et conventions internationales en vigueur.<\/p>\n","protected":false},"excerpt":{"rendered":"<p>Le minist\u00e8re des Affaires \u00e9trang\u00e8res, de la Coop\u00e9ration africaine et des Mauritaniens de l\u2019ext\u00e9rieur a indiqu\u00e9, dans un communiqu\u00e9 publi\u00e9 ce jeudi, qu\u2019il suit avec une vive attention la situation du citoyen mauritanien, docteur Mohamed Baba, qui se trouvait \u00e0 bord du navire \u00ab Al-Soumoud \u00bb, en mission humanitaire \u00e0 destination de la bande de [&hellip;]<\/p>\n","protected":false},"author":5,"featured_media":294365,"comment_status":"open","ping_status":"open","sticky":false,"template":"","format":"standard","meta":{"footnotes":""},"categories":[63918,63957,63959],"tags":[],"class_list":["post-294362","post","type-post","status-publish","format-standard","has-post-thumbnail","hentry","category-autres","category-fil-dactualite","category-mauritanie"],"_links":{"self":[{"href":"https:\/\/ami.mr\/fr\/wp-json\/wp\/v2\/posts\/294362","targetHints":{"allow":["GET"]}}],"collection":[{"href":"https:\/\/ami.mr\/fr\/wp-json\/wp\/v2\/posts"}],"about":[{"href":"https:\/\/ami.mr\/fr\/wp-json\/wp\/v2\/types\/post"}],"author":[{"embeddable":true,"href":"https:\/\/ami.mr\/fr\/wp-json\/wp\/v2\/users\/5"}],"replies":[{"embeddable":true,"href":"https:\/\/ami.mr\/fr\/wp-json\/wp\/v2\/comments?post=294362"}],"version-history":[{"count":2,"href":"https:\/\/ami.mr\/fr\/wp-json\/wp\/v2\/posts\/294362\/revisions"}],"predecessor-version":[{"id":294371,"href":"https:\/\/ami.mr\/fr\/wp-json\/wp\/v2\/posts\/294362\/revisions\/294371"}],"wp:featuredmedia":[{"embeddable":true,"href":"https:\/\/ami.mr\/fr\/wp-json\/wp\/v2\/media\/294365"}],"wp:attachment":[{"href":"https:\/\/ami.mr\/fr\/wp-json\/wp\/v2\/media?parent=294362"}],"wp:term":[{"taxonomy":"category","embeddable":true,"href":"https:\/\/ami.mr\/fr\/wp-json\/wp\/v2\/categories?post=294362"},{"taxonomy":"post_tag","embeddable":true,"href":"https:\/\/ami.mr\/fr\/wp-json\/wp\/v2\/tags?post=294362"}],"curies":[{"name":"wp","href":"https:\/\/api.w.org\/{rel}","templated":true}]}}