{"id":294355,"date":"2026-04-30T20:25:51","date_gmt":"2026-04-30T20:25:51","guid":{"rendered":"https:\/\/ami.mr\/fr\/?p=294355"},"modified":"2026-04-30T20:25:51","modified_gmt":"2026-04-30T20:25:51","slug":"le-premier-ministre-preside-une-reunion-de-la-commission-ministerielle-chargee-du-dossier-des-concessions-rurales-et-des-terrains-attribues-aux-promoteurs-immobiliers","status":"publish","type":"post","link":"https:\/\/ami.mr\/fr\/archives\/294355","title":{"rendered":"Le Premier ministre pr\u00e9side une r\u00e9union de la commission minist\u00e9rielle charg\u00e9e du dossier des concessions rurales et des terrains attribu\u00e9s aux promoteurs immobiliers"},"content":{"rendered":"<p>En application des instructions de Son Excellence le Pr\u00e9sident de la R\u00e9publique, M. Mohamed Ould Cheikh El Ghazouani, le Premier ministre, M. El Moctar Ould Diay, a pr\u00e9sid\u00e9, ce jeudi, au si\u00e8ge de la Primature, une r\u00e9union de la commission minist\u00e9rielle charg\u00e9e du dossier des concessions rurales et des terrains attribu\u00e9s aux promoteurs immobiliers. Cette r\u00e9union intervient \u00e0 la suite de la communication pr\u00e9sent\u00e9e par le minist\u00e8re des Domaines, du Patrimoine de l\u2019\u00c9tat et de la R\u00e9forme fonci\u00e8re lors de l\u2019avant-dernier Conseil des ministres, relative au plan d\u2019am\u00e9nagement urbain de la ville de Nouakchott.<\/p>\n<p>Au cours de cette r\u00e9union, la commission a examin\u00e9 les diff\u00e9rentes situations pr\u00e9sent\u00e9es dans ladite communication ainsi que les solutions propos\u00e9es pour chacune d\u2019elles.<\/p>\n<p>\u00c0 l\u2019issue des discussions, il a \u00e9t\u00e9 d\u00e9cid\u00e9 de mettre en place une commission technique sp\u00e9cialis\u00e9e regroupant l\u2019ensemble des d\u00e9partements concern\u00e9s, \u00e0 laquelle est confi\u00e9e la mise en \u0153uvre effective des recommandations issues des travaux de la commission minist\u00e9rielle pour chaque cas examin\u00e9.<\/p>\n","protected":false},"excerpt":{"rendered":"<p>En application des instructions de Son Excellence le Pr\u00e9sident de la R\u00e9publique, M. Mohamed Ould Cheikh El Ghazouani, le Premier ministre, M. El Moctar Ould Diay, a pr\u00e9sid\u00e9, ce jeudi, au si\u00e8ge de la Primature, une r\u00e9union de la commission minist\u00e9rielle charg\u00e9e du dossier des concessions rurales et des terrains attribu\u00e9s aux promoteurs immobiliers. Cette [&hellip;]<\/p>\n","protected":false},"author":5,"featured_media":294356,"comment_status":"open","ping_status":"open","sticky":false,"template":"","format":"standard","meta":{"footnotes":""},"categories":[63957,63959,63921,63927],"tags":[],"class_list":["post-294355","post","type-post","status-publish","format-standard","has-post-thumbnail","hentry","category-fil-dactualite","category-mauritanie","category-slider-afficher","category-slider-mauritanie"],"_links":{"self":[{"href":"https:\/\/ami.mr\/fr\/wp-json\/wp\/v2\/posts\/294355","targetHints":{"allow":["GET"]}}],"collection":[{"href":"https:\/\/ami.mr\/fr\/wp-json\/wp\/v2\/posts"}],"about":[{"href":"https:\/\/ami.mr\/fr\/wp-json\/wp\/v2\/types\/post"}],"author":[{"embeddable":true,"href":"https:\/\/ami.mr\/fr\/wp-json\/wp\/v2\/users\/5"}],"replies":[{"embeddable":true,"href":"https:\/\/ami.mr\/fr\/wp-json\/wp\/v2\/comments?post=294355"}],"version-history":[{"count":1,"href":"https:\/\/ami.mr\/fr\/wp-json\/wp\/v2\/posts\/294355\/revisions"}],"predecessor-version":[{"id":294357,"href":"https:\/\/ami.mr\/fr\/wp-json\/wp\/v2\/posts\/294355\/revisions\/294357"}],"wp:featuredmedia":[{"embeddable":true,"href":"https:\/\/ami.mr\/fr\/wp-json\/wp\/v2\/media\/294356"}],"wp:attachment":[{"href":"https:\/\/ami.mr\/fr\/wp-json\/wp\/v2\/media?parent=294355"}],"wp:term":[{"taxonomy":"category","embeddable":true,"href":"https:\/\/ami.mr\/fr\/wp-json\/wp\/v2\/categories?post=294355"},{"taxonomy":"post_tag","embeddable":true,"href":"https:\/\/ami.mr\/fr\/wp-json\/wp\/v2\/tags?post=294355"}],"curies":[{"name":"wp","href":"https:\/\/api.w.org\/{rel}","templated":true}]}}