{"id":294316,"date":"2026-04-30T18:06:57","date_gmt":"2026-04-30T18:06:57","guid":{"rendered":"https:\/\/ami.mr\/fr\/?p=294316"},"modified":"2026-04-30T18:06:57","modified_gmt":"2026-04-30T18:06:57","slug":"inchiri-organisation-dun-atelier-de-formation-au-profit-des-organisations-de-la-societe-civile","status":"publish","type":"post","link":"https:\/\/ami.mr\/fr\/archives\/294316","title":{"rendered":"Inchiri : organisation d\u2019un atelier de formation au profit des organisations de la soci\u00e9t\u00e9 civile"},"content":{"rendered":"<p>Le directeur de cabinet du wali de l\u2019Inchiri, M. Sid&#8217;Ahmed Ould Mohamed Lemine, a supervis\u00e9, ce jeudi, dans la ville d\u2019Akjoujt, le lancement d\u2019un atelier de formation au profit des organisations de la soci\u00e9t\u00e9 civile de la wilaya, ax\u00e9 sur l\u2019\u00e9laboration de projets et les techniques de plaidoyer.<\/p>\n<p>Organis\u00e9 par la Commission des droits de l\u2019homme, de l\u2019action humanitaire et des relations avec la soci\u00e9t\u00e9 civile, cet atelier, qui s\u2019\u00e9tend sur six jours, vise \u00e0 renforcer les capacit\u00e9s des organisations de la soci\u00e9t\u00e9 civile au niveau de la wilaya, en leur permettant d\u2019acqu\u00e9rir des comp\u00e9tences en mati\u00e8re de plaidoyer ainsi que des m\u00e9thodes de gestion des ONG.<\/p>\n<p>Dans une allocution prononc\u00e9e \u00e0 cette occasion, le directeur de cabinet du wali a soulign\u00e9 que cette session de formation, qui b\u00e9n\u00e9ficie \u00e0 50 organisations, refl\u00e8te l\u2019int\u00e9r\u00eat particulier accord\u00e9 par Son Excellence le Pr\u00e9sident de la R\u00e9publique, M. Mohamed Ould Cheikh El Ghazouani, \u00e0 la soci\u00e9t\u00e9 civile, un int\u00e9r\u00eat que le gouvernement s\u2019emploie \u00e0 concr\u00e9tiser \u00e0 travers la mise en \u0153uvre de divers programmes et politiques en la mati\u00e8re.<\/p>\n<p>Il a ajout\u00e9 que cette formation rev\u00eat une importance capitale dans le parcours des organisations de la soci\u00e9t\u00e9 civile, en ce qu\u2019elle aborde les \u00e9tapes d\u2019\u00e9laboration et de r\u00e9daction de projets, \u00e0 travers la pr\u00e9sentation des concepts, des m\u00e9thodes, des objectifs et des plans. Il a \u00e9galement pr\u00e9cis\u00e9 que la formation traite de la vie associative, des responsabilit\u00e9s qui en d\u00e9coulent, des r\u00f4les, des pr\u00e9rogatives et de la gestion aux niveaux administratif et financier, en plus des techniques de plaidoyer et de leurs modalit\u00e9s de mise en \u0153uvre.<\/p>\n<p>Pour sa part, le directeur des relations avec la soci\u00e9t\u00e9 civile, M. Isselmou Ould Ali, a indiqu\u00e9 que cette formation s\u2019inscrit dans le cadre d\u2019un programme national \u00e9labor\u00e9 par la Commission des droits de l\u2019homme, de l\u2019action humanitaire et des relations avec la soci\u00e9t\u00e9 civile, visant \u00e0 renforcer les capacit\u00e9s des organisations de la soci\u00e9t\u00e9 civile dans toutes les wilayas du pays.<\/p>\n<p>Il a pr\u00e9cis\u00e9 que cette session, la deuxi\u00e8me du genre au niveau de la wilaya de l\u2019Inchiri, s\u2019inscrit dans la mise en \u0153uvre de la strat\u00e9gie nationale visant \u00e0 promouvoir les organisations de la soci\u00e9t\u00e9 civile, ajoutant que cette formation a pour objectif de doter ces organisations des comp\u00e9tences scientifiques et techniques requises.<\/p>\n<p>De leur c\u00f4t\u00e9, l\u2019adjoint au maire de la commune d\u2019Akjoujt, M. Brahim Ould Tebakh, et le pr\u00e9sident du forum r\u00e9gional des organisations de la soci\u00e9t\u00e9 civile, M. El Mamy Brahim Vlane, ont soulign\u00e9 que l\u2019organisation de cet atelier refl\u00e8te l\u2019attention accord\u00e9e par le gouvernement au renforcement des capacit\u00e9s des acteurs de la soci\u00e9t\u00e9 civile, afin de leur permettre d\u2019accomplir pleinement leurs missions. Ils ont ajout\u00e9 que cette initiative constitue une \u00e9tape importante dans la construction d\u2019une soci\u00e9t\u00e9 civile plus performante, plus efficace et mieux \u00e0 m\u00eame de contribuer au d\u00e9veloppement local, de consolider les valeurs de citoyennet\u00e9, de d\u00e9fendre les droits de l\u2019homme et de promouvoir la culture du volontariat.<\/p>\n<p>La c\u00e9r\u00e9monie d\u2019ouverture s\u2019est d\u00e9roul\u00e9e en pr\u00e9sence du hakem de la moughataa d\u2019Akjoujt, du d\u00e9l\u00e9gu\u00e9 r\u00e9gional du minist\u00e8re de la Culture, des Arts, de la Communication et des Relations avec le Parlement, ainsi que de repr\u00e9sentants des autorit\u00e9s s\u00e9curitaires.<\/p>\n","protected":false},"excerpt":{"rendered":"<p>Le directeur de cabinet du wali de l\u2019Inchiri, M. Sid&#8217;Ahmed Ould Mohamed Lemine, a supervis\u00e9, ce jeudi, dans la ville d\u2019Akjoujt, le lancement d\u2019un atelier de formation au profit des organisations de la soci\u00e9t\u00e9 civile de la wilaya, ax\u00e9 sur l\u2019\u00e9laboration de projets et les techniques de plaidoyer. Organis\u00e9 par la Commission des droits de [&hellip;]<\/p>\n","protected":false},"author":5,"featured_media":294317,"comment_status":"open","ping_status":"open","sticky":false,"template":"","format":"standard","meta":{"footnotes":""},"categories":[63918,63957,8672],"tags":[],"class_list":["post-294316","post","type-post","status-publish","format-standard","has-post-thumbnail","hentry","category-autres","category-fil-dactualite","category-8672"],"_links":{"self":[{"href":"https:\/\/ami.mr\/fr\/wp-json\/wp\/v2\/posts\/294316","targetHints":{"allow":["GET"]}}],"collection":[{"href":"https:\/\/ami.mr\/fr\/wp-json\/wp\/v2\/posts"}],"about":[{"href":"https:\/\/ami.mr\/fr\/wp-json\/wp\/v2\/types\/post"}],"author":[{"embeddable":true,"href":"https:\/\/ami.mr\/fr\/wp-json\/wp\/v2\/users\/5"}],"replies":[{"embeddable":true,"href":"https:\/\/ami.mr\/fr\/wp-json\/wp\/v2\/comments?post=294316"}],"version-history":[{"count":1,"href":"https:\/\/ami.mr\/fr\/wp-json\/wp\/v2\/posts\/294316\/revisions"}],"predecessor-version":[{"id":294320,"href":"https:\/\/ami.mr\/fr\/wp-json\/wp\/v2\/posts\/294316\/revisions\/294320"}],"wp:featuredmedia":[{"embeddable":true,"href":"https:\/\/ami.mr\/fr\/wp-json\/wp\/v2\/media\/294317"}],"wp:attachment":[{"href":"https:\/\/ami.mr\/fr\/wp-json\/wp\/v2\/media?parent=294316"}],"wp:term":[{"taxonomy":"category","embeddable":true,"href":"https:\/\/ami.mr\/fr\/wp-json\/wp\/v2\/categories?post=294316"},{"taxonomy":"post_tag","embeddable":true,"href":"https:\/\/ami.mr\/fr\/wp-json\/wp\/v2\/tags?post=294316"}],"curies":[{"name":"wp","href":"https:\/\/api.w.org\/{rel}","templated":true}]}}