{"id":294270,"date":"2026-04-29T20:42:27","date_gmt":"2026-04-29T20:42:27","guid":{"rendered":"https:\/\/ami.mr\/fr\/?p=294270"},"modified":"2026-04-29T20:42:27","modified_gmt":"2026-04-29T20:42:27","slug":"le-president-de-lunion-patronale-rencontre-le-chef-de-mission-de-lorganisation-internationale-pour-les-migrations","status":"publish","type":"post","link":"https:\/\/ami.mr\/fr\/archives\/294270","title":{"rendered":"Le pr\u00e9sident de l\u2019Union patronale rencontre le chef de mission de l\u2019Organisation internationale pour les migrations"},"content":{"rendered":"<p>Le pr\u00e9sident de l\u2019Union nationale du patronat mauritanien, M. Mohamed Zeine El Abidine Ould Cheikh Ahmed, a re\u00e7u, ce mercredi, au si\u00e8ge de l\u2019organisation \u00e0 Nouakchott, M. Idrissa Sompar\u00e9, chef de mission de l\u2019Organisation internationale pour les migrations (OIM) en Mauritanie.<\/p>\n<p>L\u2019entretien a port\u00e9 sur les domaines de coop\u00e9ration entre l\u2019Union patronale et cette organisation internationale, dans le cadre des projets et programmes de l\u2019OIM relatifs \u00e0 la gestion du ph\u00e9nom\u00e8ne migratoire et de ses impacts, ainsi que sur les expertises qu\u2019elle apporte au secteur priv\u00e9 en Mauritanie dans ce domaine.<\/p>\n<p>Au cours de la rencontre, le pr\u00e9sident de l\u2019Union a pr\u00e9sent\u00e9 un expos\u00e9 sur le r\u00f4le du secteur priv\u00e9 dans le d\u00e9veloppement durable, en particulier dans les secteurs prioritaires susceptibles d\u2019absorber un grand nombre de main-d\u2019\u0153uvre.<\/p>\n<p>La r\u00e9ception s\u2019est d\u00e9roul\u00e9e en pr\u00e9sence de M. Cheikh Ould Bouassriya, secr\u00e9taire g\u00e9n\u00e9ral adjoint de l\u2019Union, assurant l\u2019int\u00e9rim du secr\u00e9tariat g\u00e9n\u00e9ral.<\/p>\n","protected":false},"excerpt":{"rendered":"<p>Le pr\u00e9sident de l\u2019Union nationale du patronat mauritanien, M. Mohamed Zeine El Abidine Ould Cheikh Ahmed, a re\u00e7u, ce mercredi, au si\u00e8ge de l\u2019organisation \u00e0 Nouakchott, M. Idrissa Sompar\u00e9, chef de mission de l\u2019Organisation internationale pour les migrations (OIM) en Mauritanie. L\u2019entretien a port\u00e9 sur les domaines de coop\u00e9ration entre l\u2019Union patronale et cette organisation [&hellip;]<\/p>\n","protected":false},"author":5,"featured_media":294271,"comment_status":"open","ping_status":"open","sticky":false,"template":"","format":"standard","meta":{"footnotes":""},"categories":[63918,63957,63959,63927],"tags":[],"class_list":["post-294270","post","type-post","status-publish","format-standard","has-post-thumbnail","hentry","category-autres","category-fil-dactualite","category-mauritanie","category-slider-mauritanie"],"_links":{"self":[{"href":"https:\/\/ami.mr\/fr\/wp-json\/wp\/v2\/posts\/294270","targetHints":{"allow":["GET"]}}],"collection":[{"href":"https:\/\/ami.mr\/fr\/wp-json\/wp\/v2\/posts"}],"about":[{"href":"https:\/\/ami.mr\/fr\/wp-json\/wp\/v2\/types\/post"}],"author":[{"embeddable":true,"href":"https:\/\/ami.mr\/fr\/wp-json\/wp\/v2\/users\/5"}],"replies":[{"embeddable":true,"href":"https:\/\/ami.mr\/fr\/wp-json\/wp\/v2\/comments?post=294270"}],"version-history":[{"count":1,"href":"https:\/\/ami.mr\/fr\/wp-json\/wp\/v2\/posts\/294270\/revisions"}],"predecessor-version":[{"id":294272,"href":"https:\/\/ami.mr\/fr\/wp-json\/wp\/v2\/posts\/294270\/revisions\/294272"}],"wp:featuredmedia":[{"embeddable":true,"href":"https:\/\/ami.mr\/fr\/wp-json\/wp\/v2\/media\/294271"}],"wp:attachment":[{"href":"https:\/\/ami.mr\/fr\/wp-json\/wp\/v2\/media?parent=294270"}],"wp:term":[{"taxonomy":"category","embeddable":true,"href":"https:\/\/ami.mr\/fr\/wp-json\/wp\/v2\/categories?post=294270"},{"taxonomy":"post_tag","embeddable":true,"href":"https:\/\/ami.mr\/fr\/wp-json\/wp\/v2\/tags?post=294270"}],"curies":[{"name":"wp","href":"https:\/\/api.w.org\/{rel}","templated":true}]}}