{"id":294250,"date":"2026-04-29T18:03:17","date_gmt":"2026-04-29T18:03:17","guid":{"rendered":"https:\/\/ami.mr\/fr\/?p=294250"},"modified":"2026-04-29T19:49:52","modified_gmt":"2026-04-29T19:49:52","slug":"le-president-de-la-republique-recoit-lenvoye-special-de-lunion-africaine-au-mali-et-au-sahel","status":"publish","type":"post","link":"https:\/\/ami.mr\/fr\/archives\/294250","title":{"rendered":"Le Pr\u00e9sident de la R\u00e9publique re\u00e7oit l&#8217;envoy\u00e9 sp\u00e9cial de l&#8217;Union africaine au Mali et au Sahel"},"content":{"rendered":"<p>Son Excellence le Pr\u00e9sident de la R\u00e9publique, Monsieur Mohamed Ould Cheikh El Ghazouani, a re\u00e7u en audience, mercredi au Palais pr\u00e9sidentiel de Nouakchott, l&#8217;envoy\u00e9 sp\u00e9cial de l&#8217;Union africaine au Mali et au Sahel, M. Mamadou Tangara.<\/p>\n<p>A sa sortie d&#8217;audience, l&#8217;\u00e9missaire de l&#8217;Union africaine \u00e0 fait la d\u00e9claration suivante :<\/p>\n<p>&#8221; J&#8217;ai eu l&#8217;honneur d&#8217;\u00eatre re\u00e7u par le pr\u00e9sident de la R\u00e9publique Islamique de Mauritanie, Monsieur Mohamed Ould Cheikh El-Ghazouani. Pour moi, c&#8217;\u00e9tait l&#8217;occasion de venir recueillir ses conseils avis\u00e9s. Cette audience s&#8217;est pass\u00e9e dans de tr\u00e8s bonnes conditions.<\/p>\n<p>J&#8217;ai pu saisir la profondeur de sa connaissance du dossier du Sahel. Il nous a donn\u00e9 des conseils tr\u00e8s avis\u00e9s et a montr\u00e9 son int\u00e9r\u00eat pour cette r\u00e9gion qui lui est tr\u00e8s ch\u00e8re. Comme il l&#8217;a si bien dit, nos destins sont inextricablement li\u00e9s, et tout ce qui peut participer \u00e0 pr\u00e9server la paix et la stabilit\u00e9 dans cette r\u00e9gion, il s&#8217;engage \u00e0 le d\u00e9fendre. Aujourd&#8217;hui, nous nous trouvons dans un contexte <img decoding=\"async\" class=\"size-medium wp-image-294261 alignleft\" src=\"https:\/\/ami.mr\/fr\/wp-content\/uploads\/2026\/04\/\u0627\u0644\u0645\u0628\u0639\u0648\u062b-\u0627\u0644\u0627\u0641\u0631\u064a\u0642\u064a-300x175.jpg\" alt=\"\" width=\"300\" height=\"175\" srcset=\"https:\/\/ami.mr\/fr\/wp-content\/uploads\/2026\/04\/\u0627\u0644\u0645\u0628\u0639\u0648\u062b-\u0627\u0644\u0627\u0641\u0631\u064a\u0642\u064a-300x175.jpg 300w, https:\/\/ami.mr\/fr\/wp-content\/uploads\/2026\/04\/\u0627\u0644\u0645\u0628\u0639\u0648\u062b-\u0627\u0644\u0627\u0641\u0631\u064a\u0642\u064a-768x448.jpg 768w, https:\/\/ami.mr\/fr\/wp-content\/uploads\/2026\/04\/\u0627\u0644\u0645\u0628\u0639\u0648\u062b-\u0627\u0644\u0627\u0641\u0631\u064a\u0642\u064a-357x210.jpg 357w, https:\/\/ami.mr\/fr\/wp-content\/uploads\/2026\/04\/\u0627\u0644\u0645\u0628\u0639\u0648\u062b-\u0627\u0644\u0627\u0641\u0631\u064a\u0642\u064a.jpg 960w\" sizes=\"(max-width: 300px) 100vw, 300px\" \/>assez particulier. Il n&#8217;a pas h\u00e9sit\u00e9 \u00e0 condamner sans \u00e9quivoque les attaques terroristes en cours au Mali et son souhait de voir ces probl\u00e8mes puisse \u00eatre r\u00e9gl\u00e9s le plus rapidement possible. Homme convaincu que le dialogue est la meilleure solution, il exhorte toutes les parties, en tout cas dans la sous-r\u00e9gion, \u00e0 dialoguer pour qu&#8217;on puisse faire pr\u00e9valoir la paix et la stabilit\u00e9 dans cette r\u00e9gion, car paix et stabilit\u00e9 riment avec prosp\u00e9rit\u00e9.<\/p>\n<p>Je pense qu&#8217;aujourd&#8217;hui, plus que jamais, nous savons que nous devons combattre ensemble le fl\u00e9au du terrorisme et ne pas permettre qu&#8217;il s&#8217;installe dans un pays, parce que, comme il le dit, si cela se propage, personne ne sera \u00e9pargn\u00e9. Nous le remercions pour sa sagesse et pour ses conseils avis\u00e9s.<\/p>\n<p>La rencontre s&#8217;est d\u00e9roul\u00e9e en pr\u00e9sence du ministre charg\u00e9 de cabinet du Pr\u00e9sident de la R\u00e9publique, M. Nani Ould Chrougha.<\/p>\n","protected":false},"excerpt":{"rendered":"<p>Son Excellence le Pr\u00e9sident de la R\u00e9publique, Monsieur Mohamed Ould Cheikh El Ghazouani, a re\u00e7u en audience, mercredi au Palais pr\u00e9sidentiel de Nouakchott, l&#8217;envoy\u00e9 sp\u00e9cial de l&#8217;Union africaine au Mali et au Sahel, M. Mamadou Tangara. A sa sortie d&#8217;audience, l&#8217;\u00e9missaire de l&#8217;Union africaine \u00e0 fait la d\u00e9claration suivante : &#8221; J&#8217;ai eu l&#8217;honneur d&#8217;\u00eatre [&hellip;]<\/p>\n","protected":false},"author":5,"featured_media":294251,"comment_status":"open","ping_status":"open","sticky":false,"template":"","format":"standard","meta":{"footnotes":""},"categories":[63957,63959,63921,63927],"tags":[],"class_list":["post-294250","post","type-post","status-publish","format-standard","has-post-thumbnail","hentry","category-fil-dactualite","category-mauritanie","category-slider-afficher","category-slider-mauritanie"],"_links":{"self":[{"href":"https:\/\/ami.mr\/fr\/wp-json\/wp\/v2\/posts\/294250","targetHints":{"allow":["GET"]}}],"collection":[{"href":"https:\/\/ami.mr\/fr\/wp-json\/wp\/v2\/posts"}],"about":[{"href":"https:\/\/ami.mr\/fr\/wp-json\/wp\/v2\/types\/post"}],"author":[{"embeddable":true,"href":"https:\/\/ami.mr\/fr\/wp-json\/wp\/v2\/users\/5"}],"replies":[{"embeddable":true,"href":"https:\/\/ami.mr\/fr\/wp-json\/wp\/v2\/comments?post=294250"}],"version-history":[{"count":3,"href":"https:\/\/ami.mr\/fr\/wp-json\/wp\/v2\/posts\/294250\/revisions"}],"predecessor-version":[{"id":294263,"href":"https:\/\/ami.mr\/fr\/wp-json\/wp\/v2\/posts\/294250\/revisions\/294263"}],"wp:featuredmedia":[{"embeddable":true,"href":"https:\/\/ami.mr\/fr\/wp-json\/wp\/v2\/media\/294251"}],"wp:attachment":[{"href":"https:\/\/ami.mr\/fr\/wp-json\/wp\/v2\/media?parent=294250"}],"wp:term":[{"taxonomy":"category","embeddable":true,"href":"https:\/\/ami.mr\/fr\/wp-json\/wp\/v2\/categories?post=294250"},{"taxonomy":"post_tag","embeddable":true,"href":"https:\/\/ami.mr\/fr\/wp-json\/wp\/v2\/tags?post=294250"}],"curies":[{"name":"wp","href":"https:\/\/api.w.org\/{rel}","templated":true}]}}