{"id":294244,"date":"2026-04-29T15:55:42","date_gmt":"2026-04-29T15:55:42","guid":{"rendered":"https:\/\/ami.mr\/fr\/?p=294244"},"modified":"2026-04-29T15:55:42","modified_gmt":"2026-04-29T15:55:42","slug":"selibabi-atelier-de-lancement-dune-approche-renforcant-la-resilience-des-communautes-locales","status":"publish","type":"post","link":"https:\/\/ami.mr\/fr\/archives\/294244","title":{"rendered":"S\u00e9libabi: atelier de lancement d&#8217;une approche renfor\u00e7ant la r\u00e9silience des communaut\u00e9s locales."},"content":{"rendered":"<p>La ville de S\u00e9libabi a abrit\u00e9, mardi, les travaux d&#8217;un atelier d\u00e9di\u00e9 au lancement d&#8217;une approche int\u00e9gr\u00e9e pour renforcer la r\u00e9silience et la gouvernance locales, sp\u00e9cifiquement destin\u00e9e aux enfants. L\u2019activit\u00e9 a \u00e9t\u00e9 organis\u00e9e conjointement par le Fonds des Nations Unies pour l&#8217;Enfance (UNICEF) et la direction g\u00e9n\u00e9rale de la d\u00e9centralisation et du d\u00e9veloppement local du minist\u00e8re de l&#8217;Int\u00e9rieur, de la D\u00e9centralisation et du D\u00e9veloppement Local.<\/p>\n<p>Cet atelier, auquel participent onze communes de Guidimakha et de l&#8217;Assaba, et les services techniques concern\u00e9s des deux wilayas, vise \u00e0 renforcer le dialogue entre les municipalit\u00e9s et les communaut\u00e9s locales, la planification et les m\u00e9canismes de responsabilisation afin de garantir la protection des droits des citoyens, en particulier, ceux des enfants pendant et apr\u00e8s les chocs climatiques, sociaux et \u00e9conomiques.<\/p>\n<p>Dans son discours, le directeur de cabinet du wali du Guidimakha, M. Mohamed Ould El Bekaye, a soulign\u00e9 que cette approche repr\u00e9sente une \u00e9tape essentielle dans le processus de renforcement du r\u00f4le des communaut\u00e9s locales dans la protection des droits de l&#8217;enfant, l&#8217;am\u00e9lioration de l&#8217;acc\u00e8s aux services sociaux de base et l\u2019atteinte d&#8217;un d\u00e9veloppement plus \u00e9quitable et plus durable, remerciant l&#8217;UNICEF pour son engagement constant \u00e0 soutenir les causes de l&#8217;enfance dans notre pays.<\/p>\n<p>De son c\u00f4t\u00e9, le repr\u00e9sentant du Fonds des Nations Unies pour l&#8217;Enfance, M. Cheikh Wane, a salu\u00e9 l&#8217;engagement ferme du gouvernement mauritanien envers les droits des enfants dans toute la Mauritanie, soulignant que les r\u00e9formes entreprises dans ce domaine, y compris le transfert de pouvoirs et de ressources aux municipalit\u00e9s, ont permis de rapprocher les services publics des citoyens et de renforcer la participation des communaut\u00e9s locales \u00e0 la gouvernance locale.<\/p>\n<p>Le pr\u00e9sident de la r\u00e9gion du Guidimakha, M. Issa Coulibaly, et le maire de la commune de S\u00e9libabi, M. Oumar Hammadi Ba, ont tous deux soulign\u00e9 l&#8217;importance de cet atelier qui traite des questions d&#8217;une cat\u00e9gorie importante de la soci\u00e9t\u00e9 et de ce qu&#8217;elle exige en termes de soins attentifs, de protection, d&#8217;\u00e9ducation et d&#8217;enseignement, remerciant le gouvernement mauritanien et l&#8217;UNICEF pour cette approche int\u00e9gr\u00e9e qui servira le d\u00e9veloppement local.<\/p>\n<p>L&#8217;ouverture de l&#8217;atelier s&#8217;est d\u00e9roul\u00e9e en pr\u00e9sence du hakem de la moughataa de S\u00e9libabi, des maires des communes concern\u00e9es et des repr\u00e9sentants des organisations de la soci\u00e9t\u00e9 civile de la wilaya.<\/p>\n","protected":false},"excerpt":{"rendered":"<p>La ville de S\u00e9libabi a abrit\u00e9, mardi, les travaux d&#8217;un atelier d\u00e9di\u00e9 au lancement d&#8217;une approche int\u00e9gr\u00e9e pour renforcer la r\u00e9silience et la gouvernance locales, sp\u00e9cifiquement destin\u00e9e aux enfants. L\u2019activit\u00e9 a \u00e9t\u00e9 organis\u00e9e conjointement par le Fonds des Nations Unies pour l&#8217;Enfance (UNICEF) et la direction g\u00e9n\u00e9rale de la d\u00e9centralisation et du d\u00e9veloppement local du [&hellip;]<\/p>\n","protected":false},"author":2,"featured_media":294245,"comment_status":"open","ping_status":"open","sticky":false,"template":"","format":"standard","meta":{"footnotes":""},"categories":[63918,63957,8672],"tags":[],"class_list":["post-294244","post","type-post","status-publish","format-standard","has-post-thumbnail","hentry","category-autres","category-fil-dactualite","category-8672"],"_links":{"self":[{"href":"https:\/\/ami.mr\/fr\/wp-json\/wp\/v2\/posts\/294244","targetHints":{"allow":["GET"]}}],"collection":[{"href":"https:\/\/ami.mr\/fr\/wp-json\/wp\/v2\/posts"}],"about":[{"href":"https:\/\/ami.mr\/fr\/wp-json\/wp\/v2\/types\/post"}],"author":[{"embeddable":true,"href":"https:\/\/ami.mr\/fr\/wp-json\/wp\/v2\/users\/2"}],"replies":[{"embeddable":true,"href":"https:\/\/ami.mr\/fr\/wp-json\/wp\/v2\/comments?post=294244"}],"version-history":[{"count":1,"href":"https:\/\/ami.mr\/fr\/wp-json\/wp\/v2\/posts\/294244\/revisions"}],"predecessor-version":[{"id":294246,"href":"https:\/\/ami.mr\/fr\/wp-json\/wp\/v2\/posts\/294244\/revisions\/294246"}],"wp:featuredmedia":[{"embeddable":true,"href":"https:\/\/ami.mr\/fr\/wp-json\/wp\/v2\/media\/294245"}],"wp:attachment":[{"href":"https:\/\/ami.mr\/fr\/wp-json\/wp\/v2\/media?parent=294244"}],"wp:term":[{"taxonomy":"category","embeddable":true,"href":"https:\/\/ami.mr\/fr\/wp-json\/wp\/v2\/categories?post=294244"},{"taxonomy":"post_tag","embeddable":true,"href":"https:\/\/ami.mr\/fr\/wp-json\/wp\/v2\/tags?post=294244"}],"curies":[{"name":"wp","href":"https:\/\/api.w.org\/{rel}","templated":true}]}}