{"id":294210,"date":"2026-04-28T21:24:08","date_gmt":"2026-04-28T21:24:08","guid":{"rendered":"https:\/\/ami.mr\/fr\/?p=294210"},"modified":"2026-04-28T21:24:08","modified_gmt":"2026-04-28T21:24:08","slug":"le-president-de-lunion-nationale-du-patronat-recoit-la-chargee-daffaires-de-lambassade-des-etats-unis","status":"publish","type":"post","link":"https:\/\/ami.mr\/fr\/archives\/294210","title":{"rendered":"Le pr\u00e9sident de l\u2019Union nationale du patronat re\u00e7oit la charg\u00e9e d\u2019affaires de l\u2019ambassade des \u00c9tats-Unis"},"content":{"rendered":"<div class=\"row\">\n<div class=\"cell auto-size bd-gray\" dir=\"ltr\"><\/div>\n<\/div>\n<div class=\"row\">\n<div class=\"cell auto-size\">\n<div class=\"set-border bd-gray padding10 margin10 no-margin-right no-margin-left \" dir=\"ltr\">\n<p>Le pr\u00e9sident de l\u2019Union nationale du patronat mauritanien, M. Mohamed Zine El Abidine Ould Cheikh Ahmed, a re\u00e7u, ce mardi, Son Excellence Madame Corina Sanders.<\/p>\n<p>La rencontre a port\u00e9 sur les relations privil\u00e9gi\u00e9es entre la Mauritanie et les \u00c9tats-Unis, notamment dans leurs dimensions \u00e9conomiques et commerciales, ainsi que sur les moyens de les renforcer et de d\u00e9velopper des partenariats solides entre les acteurs \u00e9conomiques des deux pays.<\/p>\n<p>Les \u00e9changes ont particuli\u00e8rement mis l\u2019accent sur les m\u00e9canismes susceptibles de favoriser le d\u00e9veloppement de ces partenariats.<\/p>\n<p>La rencontre s\u2019est d\u00e9roul\u00e9e en pr\u00e9sence du directeur de la formation \u00e0 l\u2019Union, M. Mohamed Lemine Ould Edaregly, et de l\u2019attach\u00e9 \u00e9conomique de l\u2019ambassade des \u00c9tats-Unis \u00e0 Nouakchott.<\/p>\n<\/div>\n<\/div>\n<\/div>\n","protected":false},"excerpt":{"rendered":"<p>Le pr\u00e9sident de l\u2019Union nationale du patronat mauritanien, M. Mohamed Zine El Abidine Ould Cheikh Ahmed, a re\u00e7u, ce mardi, Son Excellence Madame Corina Sanders. La rencontre a port\u00e9 sur les relations privil\u00e9gi\u00e9es entre la Mauritanie et les \u00c9tats-Unis, notamment dans leurs dimensions \u00e9conomiques et commerciales, ainsi que sur les moyens de les renforcer et [&hellip;]<\/p>\n","protected":false},"author":8,"featured_media":294211,"comment_status":"open","ping_status":"open","sticky":false,"template":"","format":"standard","meta":{"footnotes":""},"categories":[63918,63957],"tags":[],"class_list":["post-294210","post","type-post","status-publish","format-standard","has-post-thumbnail","hentry","category-autres","category-fil-dactualite"],"_links":{"self":[{"href":"https:\/\/ami.mr\/fr\/wp-json\/wp\/v2\/posts\/294210","targetHints":{"allow":["GET"]}}],"collection":[{"href":"https:\/\/ami.mr\/fr\/wp-json\/wp\/v2\/posts"}],"about":[{"href":"https:\/\/ami.mr\/fr\/wp-json\/wp\/v2\/types\/post"}],"author":[{"embeddable":true,"href":"https:\/\/ami.mr\/fr\/wp-json\/wp\/v2\/users\/8"}],"replies":[{"embeddable":true,"href":"https:\/\/ami.mr\/fr\/wp-json\/wp\/v2\/comments?post=294210"}],"version-history":[{"count":1,"href":"https:\/\/ami.mr\/fr\/wp-json\/wp\/v2\/posts\/294210\/revisions"}],"predecessor-version":[{"id":294212,"href":"https:\/\/ami.mr\/fr\/wp-json\/wp\/v2\/posts\/294210\/revisions\/294212"}],"wp:featuredmedia":[{"embeddable":true,"href":"https:\/\/ami.mr\/fr\/wp-json\/wp\/v2\/media\/294211"}],"wp:attachment":[{"href":"https:\/\/ami.mr\/fr\/wp-json\/wp\/v2\/media?parent=294210"}],"wp:term":[{"taxonomy":"category","embeddable":true,"href":"https:\/\/ami.mr\/fr\/wp-json\/wp\/v2\/categories?post=294210"},{"taxonomy":"post_tag","embeddable":true,"href":"https:\/\/ami.mr\/fr\/wp-json\/wp\/v2\/tags?post=294210"}],"curies":[{"name":"wp","href":"https:\/\/api.w.org\/{rel}","templated":true}]}}