{"id":294195,"date":"2026-04-28T20:55:15","date_gmt":"2026-04-28T20:55:15","guid":{"rendered":"https:\/\/ami.mr\/fr\/?p=294195"},"modified":"2026-04-28T20:55:15","modified_gmt":"2026-04-28T20:55:15","slug":"rosso-ouverture-dun-atelier-pour-renforcer-le-partenariat-pour-lemployabilite-des-jeunes-avec-le-secteur-prive","status":"publish","type":"post","link":"https:\/\/ami.mr\/fr\/archives\/294195","title":{"rendered":"Rosso : ouverture d\u2019un atelier pour renforcer le partenariat pour l\u2019employabilit\u00e9 des jeunes avec le secteur priv\u00e9"},"content":{"rendered":"<div class=\"row\">\n<div class=\"cell auto-size bd-gray\" dir=\"ltr\"><\/div>\n<\/div>\n<div class=\"row\">\n<div class=\"cell auto-size\">\n<div class=\"set-border bd-gray padding10 margin10 no-margin-right no-margin-left \" dir=\"ltr\">\n<p>Le conseiller du wali du Trarza charg\u00e9 des affaires \u00e9conomiques et du d\u00e9veloppement local, M. Mohamed Sidi Merzoug, a pr\u00e9sid\u00e9, ce mardi, \u00e0 Rosso, l\u2019ouverture d\u2019un atelier intitul\u00e9 : \u00ab Partenariat du projet d\u2019employabilit\u00e9 des jeunes avec le secteur priv\u00e9 \u00bb, organis\u00e9 dans le cadre des efforts visant \u00e0 renforcer l\u2019insertion des jeunes sur le march\u00e9 du travail.<\/p>\n<p>Dans son allocution, le conseiller a indiqu\u00e9 que l\u2019organisation de cet atelier traduit l\u2019engagement constant en faveur du d\u00e9veloppement des opportunit\u00e9s de formation des jeunes, \u00e0 travers la composante de formation professionnelle, qui a permis \u00e0 plus de 700 jeunes, filles et gar\u00e7ons, de b\u00e9n\u00e9ficier de formations qualifiantes dans des domaines vari\u00e9s, notamment l\u2019\u00e9lectricit\u00e9, la couture, la sant\u00e9 animale, la r\u00e9frig\u00e9ration, ainsi que les industries de transformation telles que les produits laitiers et d\u00e9riv\u00e9s.<\/p>\n<p>De son c\u00f4t\u00e9, le responsable financier du projet d\u2019employabilit\u00e9 des jeunes, M. Mohamed Mahmoud Chorfa, a soulign\u00e9 que cet atelier s\u2019inscrit dans une dynamique de concertation et de compl\u00e9mentarit\u00e9 entre les diff\u00e9rents acteurs, en particulier les secteurs public et priv\u00e9, autour de la question essentielle de l\u2019employabilit\u00e9 des jeunes.<\/p>\n<p>Il a ajout\u00e9 que cette rencontre constitue une r\u00e9elle opportunit\u00e9 d\u2019\u00e9change d\u2019id\u00e9es et d\u2019exp\u00e9riences, et de r\u00e9flexion sur les moyens d\u2019am\u00e9liorer l\u2019insertion des jeunes dans le march\u00e9 du travail, tout en renfor\u00e7ant le r\u00f4le du secteur priv\u00e9 comme partenaire cl\u00e9 dans la cr\u00e9ation d\u2019emplois et la r\u00e9alisation d\u2019un d\u00e9veloppement \u00e9conomique durable.<\/p>\n<p>Le programme de l\u2019atelier comprend des pr\u00e9sentations sur les r\u00e9sultats du projet, le r\u00f4le de la composante emploi, ainsi qu\u2019un expos\u00e9 sur les acquis de la formation dans la wilaya du Trarza.<\/p>\n<p>La c\u00e9r\u00e9monie d\u2019ouverture s\u2019est d\u00e9roul\u00e9e en pr\u00e9sence du hakem de la moughataa de Rosso, du directeur de l\u2019\u00c9cole d\u2019enseignement technique et professionnel de Rosso, ainsi que du d\u00e9l\u00e9gu\u00e9 r\u00e9gional du minist\u00e8re de l\u2019Autonomisation des jeunes, de l\u2019Emploi, des Sports et du Service civique.<\/p>\n<\/div>\n<\/div>\n<\/div>\n","protected":false},"excerpt":{"rendered":"<p>Le conseiller du wali du Trarza charg\u00e9 des affaires \u00e9conomiques et du d\u00e9veloppement local, M. Mohamed Sidi Merzoug, a pr\u00e9sid\u00e9, ce mardi, \u00e0 Rosso, l\u2019ouverture d\u2019un atelier intitul\u00e9 : \u00ab Partenariat du projet d\u2019employabilit\u00e9 des jeunes avec le secteur priv\u00e9 \u00bb, organis\u00e9 dans le cadre des efforts visant \u00e0 renforcer l\u2019insertion des jeunes sur le [&hellip;]<\/p>\n","protected":false},"author":8,"featured_media":294196,"comment_status":"open","ping_status":"open","sticky":false,"template":"","format":"standard","meta":{"footnotes":""},"categories":[63918,63957],"tags":[],"class_list":["post-294195","post","type-post","status-publish","format-standard","has-post-thumbnail","hentry","category-autres","category-fil-dactualite"],"_links":{"self":[{"href":"https:\/\/ami.mr\/fr\/wp-json\/wp\/v2\/posts\/294195","targetHints":{"allow":["GET"]}}],"collection":[{"href":"https:\/\/ami.mr\/fr\/wp-json\/wp\/v2\/posts"}],"about":[{"href":"https:\/\/ami.mr\/fr\/wp-json\/wp\/v2\/types\/post"}],"author":[{"embeddable":true,"href":"https:\/\/ami.mr\/fr\/wp-json\/wp\/v2\/users\/8"}],"replies":[{"embeddable":true,"href":"https:\/\/ami.mr\/fr\/wp-json\/wp\/v2\/comments?post=294195"}],"version-history":[{"count":1,"href":"https:\/\/ami.mr\/fr\/wp-json\/wp\/v2\/posts\/294195\/revisions"}],"predecessor-version":[{"id":294197,"href":"https:\/\/ami.mr\/fr\/wp-json\/wp\/v2\/posts\/294195\/revisions\/294197"}],"wp:featuredmedia":[{"embeddable":true,"href":"https:\/\/ami.mr\/fr\/wp-json\/wp\/v2\/media\/294196"}],"wp:attachment":[{"href":"https:\/\/ami.mr\/fr\/wp-json\/wp\/v2\/media?parent=294195"}],"wp:term":[{"taxonomy":"category","embeddable":true,"href":"https:\/\/ami.mr\/fr\/wp-json\/wp\/v2\/categories?post=294195"},{"taxonomy":"post_tag","embeddable":true,"href":"https:\/\/ami.mr\/fr\/wp-json\/wp\/v2\/tags?post=294195"}],"curies":[{"name":"wp","href":"https:\/\/api.w.org\/{rel}","templated":true}]}}