{"id":294165,"date":"2026-04-28T19:02:44","date_gmt":"2026-04-28T19:02:44","guid":{"rendered":"https:\/\/ami.mr\/fr\/?p=294165"},"modified":"2026-04-28T19:02:44","modified_gmt":"2026-04-28T19:02:44","slug":"le-projet-dappui-au-secteur-de-la-justice-organise-deux-ateliers-pour-renforcer-les-capacites-des-acteurs-du-domaine-judiciaire","status":"publish","type":"post","link":"https:\/\/ami.mr\/fr\/archives\/294165","title":{"rendered":"Le Projet d&#8217;Appui au secteur de la Justice organise deux ateliers pour renforcer les capacit\u00e9s des acteurs du domaine judiciaire"},"content":{"rendered":"<div class=\"row\"><\/div>\n<div class=\"row\">\n<div class=\"cell auto-size\">\n<div class=\"set-border bd-gray padding10 margin10 no-margin-right no-margin-left \" dir=\"ltr\">\n<p>Deux ateliers simultan\u00e9s ont \u00e9t\u00e9 lanc\u00e9s mardi matin \u00e0 Nouakchott, organis\u00e9s par le Projet d&#8217;Appui au secteur de la Justice, en coordination avec l&#8217;Institut Sup\u00e9rieur de la Magistrature et des Professions Judiciaires, et en coop\u00e9ration avec le Cabinet d&#8217;Avocats du JRDD et l&#8217;Agence Fran\u00e7aise de D\u00e9veloppement.<\/p>\n<p>Ces deux ateliers visent \u00e0 renforcer les capacit\u00e9s des acteurs du domaine judiciaire et \u00e0 \u00e9lever la qualit\u00e9 de la performance judiciaire, dans le cadre de la mise en \u0153uvre de la strat\u00e9gie nationale de r\u00e9forme et de d\u00e9veloppement de la justice.<\/p>\n<p>Dans un discours prononc\u00e9 \u00e0 cette occasion, le coordonnateur du projet d&#8217;appui au secteur judiciaire, directeur g\u00e9n\u00e9ral adjoint de l&#8217;Institut sup\u00e9rieur de la magistrature et des professions judiciaires, M. Abou Mody Diallo, a indiqu\u00e9 que ces r\u00e9unions, auxquelles participent des juges, des avocats et des officiers de police judiciaire, constituent une opportunit\u00e9 d&#8217;unifier les efforts et d&#8217;\u00e9changer des exp\u00e9riences face aux d\u00e9fis croissants li\u00e9s \u00e0 la criminalit\u00e9 transfrontali\u00e8re, de mani\u00e8re \u00e0 renforcer l&#8217;efficacit\u00e9 du syst\u00e8me judiciaire et \u00e0 garantir le respect des normes internationales.<\/p>\n<p>Il a soulign\u00e9 la grande importance des recommandations attendues de ces ateliers, et leur r\u00f4le dans la consolidation de la confiance des citoyens dans la justice et le renforcement de l\u2019\u00c9tat de droit.<\/p>\n<p>Pour sa part, la repr\u00e9sentante du Cabinet d&#8217;avocats JRDD, Mme Aicha Sy, a confirm\u00e9 que ces ateliers contribuent \u00e0 approfondir la compr\u00e9hension des cadres juridiques nationaux et internationaux, \u00e0 d\u00e9velopper les comp\u00e9tences d&#8217;enqu\u00eate et de suivi judiciaire, ainsi qu&#8217;\u00e0 permettre aux participants de traiter des dossiers appliqu\u00e9s et \u00e0 renforcer la coordination entre les diff\u00e9rentes parties concern\u00e9es.<\/p>\n<p>La c\u00e9r\u00e9monie s&#8217;est d\u00e9roul\u00e9e en pr\u00e9sence du directeur g\u00e9n\u00e9ral adjoint de l&#8217;administration judiciaire, du pr\u00e9sident de la chambre criminelle et du vice-pr\u00e9sident de la cour d&#8217;appel.<\/p>\n<\/div>\n<\/div>\n<\/div>\n","protected":false},"excerpt":{"rendered":"<p>Deux ateliers simultan\u00e9s ont \u00e9t\u00e9 lanc\u00e9s mardi matin \u00e0 Nouakchott, organis\u00e9s par le Projet d&#8217;Appui au secteur de la Justice, en coordination avec l&#8217;Institut Sup\u00e9rieur de la Magistrature et des Professions Judiciaires, et en coop\u00e9ration avec le Cabinet d&#8217;Avocats du JRDD et l&#8217;Agence Fran\u00e7aise de D\u00e9veloppement. Ces deux ateliers visent \u00e0 renforcer les capacit\u00e9s des [&hellip;]<\/p>\n","protected":false},"author":8,"featured_media":294166,"comment_status":"open","ping_status":"open","sticky":false,"template":"","format":"standard","meta":{"footnotes":""},"categories":[63918,63957],"tags":[],"class_list":["post-294165","post","type-post","status-publish","format-standard","has-post-thumbnail","hentry","category-autres","category-fil-dactualite"],"_links":{"self":[{"href":"https:\/\/ami.mr\/fr\/wp-json\/wp\/v2\/posts\/294165","targetHints":{"allow":["GET"]}}],"collection":[{"href":"https:\/\/ami.mr\/fr\/wp-json\/wp\/v2\/posts"}],"about":[{"href":"https:\/\/ami.mr\/fr\/wp-json\/wp\/v2\/types\/post"}],"author":[{"embeddable":true,"href":"https:\/\/ami.mr\/fr\/wp-json\/wp\/v2\/users\/8"}],"replies":[{"embeddable":true,"href":"https:\/\/ami.mr\/fr\/wp-json\/wp\/v2\/comments?post=294165"}],"version-history":[{"count":1,"href":"https:\/\/ami.mr\/fr\/wp-json\/wp\/v2\/posts\/294165\/revisions"}],"predecessor-version":[{"id":294167,"href":"https:\/\/ami.mr\/fr\/wp-json\/wp\/v2\/posts\/294165\/revisions\/294167"}],"wp:featuredmedia":[{"embeddable":true,"href":"https:\/\/ami.mr\/fr\/wp-json\/wp\/v2\/media\/294166"}],"wp:attachment":[{"href":"https:\/\/ami.mr\/fr\/wp-json\/wp\/v2\/media?parent=294165"}],"wp:term":[{"taxonomy":"category","embeddable":true,"href":"https:\/\/ami.mr\/fr\/wp-json\/wp\/v2\/categories?post=294165"},{"taxonomy":"post_tag","embeddable":true,"href":"https:\/\/ami.mr\/fr\/wp-json\/wp\/v2\/tags?post=294165"}],"curies":[{"name":"wp","href":"https:\/\/api.w.org\/{rel}","templated":true}]}}