{"id":294153,"date":"2026-04-28T18:10:12","date_gmt":"2026-04-28T18:10:12","guid":{"rendered":"https:\/\/ami.mr\/fr\/?p=294153"},"modified":"2026-04-28T18:10:12","modified_gmt":"2026-04-28T18:10:12","slug":"le-ministre-des-affaires-etrangeres-sentretient-avec-le-haut-representant-du-president-de-la-commission-de-lunion-africaine","status":"publish","type":"post","link":"https:\/\/ami.mr\/fr\/archives\/294153","title":{"rendered":"Le ministre des Affaires \u00e9trang\u00e8res s&#8217;entretient avec le haut repr\u00e9sentant du pr\u00e9sident de la Commission de l&#8217;Union africaine"},"content":{"rendered":"<div class=\"row\"><\/div>\n<div class=\"row\">\n<div class=\"cell auto-size\">\n<div class=\"set-border bd-gray padding10 margin10 no-margin-right no-margin-left \" dir=\"ltr\">\n<p>Le ministre des Affaires Etrang\u00e8res, de la Coop\u00e9ration Africaine et des Mauritaniens \u00e0 l\u2019Ext\u00e9rieur, M. Mohamed Salem Ould Merzoug, a re\u00e7u, mardi, dans son bureau, une d\u00e9l\u00e9gation de la Commission de l&#8217;Union Africaine actuellement en visite dans notre pays, conduite par le Haut Repr\u00e9sentant du Pr\u00e9sident de la Commission, Dr. Mamadou Tangara, Chef de la Mission de l&#8217;Union Africaine au Mali et au Sahel.<\/p>\n<p>Au cours de la r\u00e9union, les relations de coop\u00e9ration entre notre pays et la Commission de l&#8217;Union africaine ont \u00e9t\u00e9 pass\u00e9es en revue et des points de vue ont \u00e9t\u00e9 \u00e9chang\u00e9s sur un certain nombre de questions d&#8217;int\u00e9r\u00eat commun, notamment la situation dans la r\u00e9gion du Sahel.<\/p>\n<p>La r\u00e9union s&#8217;est d\u00e9roul\u00e9e en pr\u00e9sence de l&#8217;ambassadeur charg\u00e9 de la mission, M. Lamine Mohamed Salem, et de l&#8217;ambassadeur, directeur g\u00e9n\u00e9ral de la Coop\u00e9ration multilat\u00e9rale, M. Ahmed Mahmouda.<\/p>\n<\/div>\n<\/div>\n<\/div>\n","protected":false},"excerpt":{"rendered":"<p>Le ministre des Affaires Etrang\u00e8res, de la Coop\u00e9ration Africaine et des Mauritaniens \u00e0 l\u2019Ext\u00e9rieur, M. Mohamed Salem Ould Merzoug, a re\u00e7u, mardi, dans son bureau, une d\u00e9l\u00e9gation de la Commission de l&#8217;Union Africaine actuellement en visite dans notre pays, conduite par le Haut Repr\u00e9sentant du Pr\u00e9sident de la Commission, Dr. Mamadou Tangara, Chef de la [&hellip;]<\/p>\n","protected":false},"author":8,"featured_media":294154,"comment_status":"open","ping_status":"open","sticky":false,"template":"","format":"standard","meta":{"footnotes":""},"categories":[63918,63957],"tags":[],"class_list":["post-294153","post","type-post","status-publish","format-standard","has-post-thumbnail","hentry","category-autres","category-fil-dactualite"],"_links":{"self":[{"href":"https:\/\/ami.mr\/fr\/wp-json\/wp\/v2\/posts\/294153","targetHints":{"allow":["GET"]}}],"collection":[{"href":"https:\/\/ami.mr\/fr\/wp-json\/wp\/v2\/posts"}],"about":[{"href":"https:\/\/ami.mr\/fr\/wp-json\/wp\/v2\/types\/post"}],"author":[{"embeddable":true,"href":"https:\/\/ami.mr\/fr\/wp-json\/wp\/v2\/users\/8"}],"replies":[{"embeddable":true,"href":"https:\/\/ami.mr\/fr\/wp-json\/wp\/v2\/comments?post=294153"}],"version-history":[{"count":1,"href":"https:\/\/ami.mr\/fr\/wp-json\/wp\/v2\/posts\/294153\/revisions"}],"predecessor-version":[{"id":294155,"href":"https:\/\/ami.mr\/fr\/wp-json\/wp\/v2\/posts\/294153\/revisions\/294155"}],"wp:featuredmedia":[{"embeddable":true,"href":"https:\/\/ami.mr\/fr\/wp-json\/wp\/v2\/media\/294154"}],"wp:attachment":[{"href":"https:\/\/ami.mr\/fr\/wp-json\/wp\/v2\/media?parent=294153"}],"wp:term":[{"taxonomy":"category","embeddable":true,"href":"https:\/\/ami.mr\/fr\/wp-json\/wp\/v2\/categories?post=294153"},{"taxonomy":"post_tag","embeddable":true,"href":"https:\/\/ami.mr\/fr\/wp-json\/wp\/v2\/tags?post=294153"}],"curies":[{"name":"wp","href":"https:\/\/api.w.org\/{rel}","templated":true}]}}