{"id":294136,"date":"2026-04-28T15:13:52","date_gmt":"2026-04-28T15:13:52","guid":{"rendered":"https:\/\/ami.mr\/fr\/?p=294136"},"modified":"2026-04-28T15:13:52","modified_gmt":"2026-04-28T15:13:52","slug":"le-ministre-de-lelevage-tient-une-session-de-travail-avec-le-ministre-bresilien-de-lagriculture-et-de-lelevage","status":"publish","type":"post","link":"https:\/\/ami.mr\/fr\/archives\/294136","title":{"rendered":"Le ministre de l\u2019\u00c9levage tient une session de travail avec le ministre br\u00e9silien de l&#8217;Agriculture et de l&#8217;\u00c9levage"},"content":{"rendered":"<p>Son Excellence le ministre de l\u2019\u00c9levage, M. Sid Ahmed Ould Mohamed, a tenu hier, lundi une session de travail avec Son Excellence le ministre br\u00e9silien de l&#8217;Agriculture et de l&#8217;\u00c9levage, M. Andr\u00e9 de Paula.<\/p>\n<p>Les discussions lors de cette rencontre, qui a constitu\u00e9 une \u00e9tape importante dans la construction d&#8217;un partenariat structurel entre les deux pays, ont port\u00e9 sur les derniers ajustements d&#8217;un m\u00e9morandum d&#8217;entente strat\u00e9gique, soutenu par un plan d&#8217;action couvrant la p\u00e9riode (2026 &#8211; 2031).<\/p>\n<p>Les deux parties ont r\u00e9affirm\u00e9 leur engagement \u00e0 acc\u00e9l\u00e9rer les proc\u00e9dures administratives pour garantir la mise en \u0153uvre imm\u00e9diate du cadre de coop\u00e9ration visant \u00e0 favoriser une transformation durable dans le secteur de l\u2019\u00c9levage en Mauritanie.<\/p>\n<p>Les deux ministres ont renouvel\u00e9 leur attachement aux principes de coop\u00e9ration Sud-Sud. Le ministre de l\u2019\u00c9levage a r\u00e9it\u00e9r\u00e9 le soutien ind\u00e9fectible de la Mauritanie \u00e0 la D\u00e9claration d&#8217;Engagement pour l&#8217;Alliance mondiale contre la Faim et la Pauvret\u00e9, une initiative phare de la pr\u00e9sidence br\u00e9silienne, tout en louant le mod\u00e8le br\u00e9silien dont les succ\u00e8s constituent un mod\u00e8le pour le d\u00e9veloppement du secteur de l\u2019\u00c9levage en Mauritanie.<\/p>\n<p>Le programme de la visite a inclus aussi une session technique permettant d&#8217;approfondir les discussions sur les axes prioritaires, en mettant l&#8217;accent sur le renforcement des protocoles de s\u00e9curit\u00e9 sanitaire et l&#8217;am\u00e9lioration g\u00e9n\u00e9tique du cheptel, en s&#8217;appuyant sur l&#8217;expertise br\u00e9silienne, ainsi que sur le d\u00e9veloppement de solutions durables pour les intrants alimentaires et le transfert de technologies avanc\u00e9es dans les secteurs des produits laitiers et de la volaille, comme piliers essentiels pour augmenter la productivit\u00e9 nationale et garantir la s\u00e9curit\u00e9 alimentaire.<\/p>\n<p>Cette mission s&#8217;inscrit dans le cadre des efforts des plus hautes autorit\u00e9s de la Mauritanie pour faire du secteur de l\u2019\u00c9levage un moteur de croissance inclusive et de souverainet\u00e9 \u00e9conomique, en s&#8217;appuyant sur l&#8217;excellence des partenariats internationaux de premier plan.<\/p>\n<p>Les discussions se sont d\u00e9roul\u00e9es en pr\u00e9sence de Son Excellence l&#8217;ambassadeur de Mauritanie au Br\u00e9sil, M. Ahmed Mokhtar Bousseif, et des membres de la d\u00e9l\u00e9gation accompagnant le ministre, ainsi que du c\u00f4t\u00e9 br\u00e9silien, du vice-ministre du Commerce et des relations internationales, en plus de hauts responsables du minist\u00e8re de l&#8217;Agriculture et de l&#8217;\u00c9levage et de repr\u00e9sentants du minist\u00e8re des relations ext\u00e9rieures.<\/p>\n<p><img decoding=\"async\" class=\"alignnone  wp-image-294138\" src=\"https:\/\/ami.mr\/fr\/wp-content\/uploads\/2026\/04\/image-12-300x138.png\" alt=\"\" width=\"707\" height=\"325\" srcset=\"https:\/\/ami.mr\/fr\/wp-content\/uploads\/2026\/04\/image-12-300x138.png 300w, https:\/\/ami.mr\/fr\/wp-content\/uploads\/2026\/04\/image-12-1024x470.png 1024w, https:\/\/ami.mr\/fr\/wp-content\/uploads\/2026\/04\/image-12-768x353.png 768w, https:\/\/ami.mr\/fr\/wp-content\/uploads\/2026\/04\/image-12-1536x706.png 1536w, https:\/\/ami.mr\/fr\/wp-content\/uploads\/2026\/04\/image-12.png 1600w\" sizes=\"(max-width: 707px) 100vw, 707px\" \/><\/p>\n","protected":false},"excerpt":{"rendered":"<p>Son Excellence le ministre de l\u2019\u00c9levage, M. Sid Ahmed Ould Mohamed, a tenu hier, lundi une session de travail avec Son Excellence le ministre br\u00e9silien de l&#8217;Agriculture et de l&#8217;\u00c9levage, M. Andr\u00e9 de Paula. Les discussions lors de cette rencontre, qui a constitu\u00e9 une \u00e9tape importante dans la construction d&#8217;un partenariat structurel entre les deux [&hellip;]<\/p>\n","protected":false},"author":2,"featured_media":294137,"comment_status":"open","ping_status":"open","sticky":false,"template":"","format":"standard","meta":{"footnotes":""},"categories":[63920,9,63957,63922],"tags":[],"class_list":["post-294136","post","type-post","status-publish","format-standard","has-post-thumbnail","hentry","category-a-la-une","category-9","category-fil-dactualite","category-slider-economie"],"_links":{"self":[{"href":"https:\/\/ami.mr\/fr\/wp-json\/wp\/v2\/posts\/294136","targetHints":{"allow":["GET"]}}],"collection":[{"href":"https:\/\/ami.mr\/fr\/wp-json\/wp\/v2\/posts"}],"about":[{"href":"https:\/\/ami.mr\/fr\/wp-json\/wp\/v2\/types\/post"}],"author":[{"embeddable":true,"href":"https:\/\/ami.mr\/fr\/wp-json\/wp\/v2\/users\/2"}],"replies":[{"embeddable":true,"href":"https:\/\/ami.mr\/fr\/wp-json\/wp\/v2\/comments?post=294136"}],"version-history":[{"count":1,"href":"https:\/\/ami.mr\/fr\/wp-json\/wp\/v2\/posts\/294136\/revisions"}],"predecessor-version":[{"id":294139,"href":"https:\/\/ami.mr\/fr\/wp-json\/wp\/v2\/posts\/294136\/revisions\/294139"}],"wp:featuredmedia":[{"embeddable":true,"href":"https:\/\/ami.mr\/fr\/wp-json\/wp\/v2\/media\/294137"}],"wp:attachment":[{"href":"https:\/\/ami.mr\/fr\/wp-json\/wp\/v2\/media?parent=294136"}],"wp:term":[{"taxonomy":"category","embeddable":true,"href":"https:\/\/ami.mr\/fr\/wp-json\/wp\/v2\/categories?post=294136"},{"taxonomy":"post_tag","embeddable":true,"href":"https:\/\/ami.mr\/fr\/wp-json\/wp\/v2\/tags?post=294136"}],"curies":[{"name":"wp","href":"https:\/\/api.w.org\/{rel}","templated":true}]}}