{"id":294086,"date":"2026-04-27T19:26:15","date_gmt":"2026-04-27T19:26:15","guid":{"rendered":"https:\/\/ami.mr\/fr\/?p=294086"},"modified":"2026-04-27T19:26:15","modified_gmt":"2026-04-27T19:26:15","slug":"le-ministre-secretaire-general-de-la-presidence-de-la-republique-decore-des-employes-de-la-presidence","status":"publish","type":"post","link":"https:\/\/ami.mr\/fr\/archives\/294086","title":{"rendered":"Le ministre secr\u00e9taire g\u00e9n\u00e9ral de la Pr\u00e9sidence de la R\u00e9publique d\u00e9core des employ\u00e9s de la Pr\u00e9sidence"},"content":{"rendered":"<div class=\"row\">\n<div class=\"cell auto-size bd-gray\" dir=\"ltr\"><\/div>\n<\/div>\n<div class=\"row\">\n<div class=\"cell auto-size\">\n<div class=\"set-border bd-gray padding10 margin10 no-margin-right no-margin-left \" dir=\"ltr\">\n<p>Le ministre secr\u00e9taire g\u00e9n\u00e9ral de la Pr\u00e9sidence de la R\u00e9publique, M. Moulaye Ould Mohamed Laghdaf, a proc\u00e9d\u00e9, ce lundi, au Palais pr\u00e9sidentiel \u00e0 Nouakchott, au nom de Son Excellence le Pr\u00e9sident de la R\u00e9publique, \u00e0 la d\u00e9coration de plusieurs employ\u00e9s de la Pr\u00e9sidence de la R\u00e9publique, \u00e0 l\u2019occasion de la comm\u00e9moration du 65e anniversaire de la f\u00eate de l\u2019ind\u00e9pendance nationale.<\/p>\n<p>Les distinctions ont \u00e9t\u00e9 attribu\u00e9es comme suit :<\/p>\n<p>\u2013 Au grade de Chevalier de l\u2019Ordre du M\u00e9rite national :<\/p>\n<p>M. Ahmedou Mohamed Brahim Mahjoub, chef du service de maintenance ;<\/p>\n<p>\u2013 M\u00e9daille d\u2019honneur de premi\u00e8re classe :<\/p>\n<p>M. Mohamed Lemine Mahfoudh Babana, chef d\u2019\u00e9quipe ;<\/p>\n<p>M. Sidi Mohamed Yahya Elyel, chef d\u2019\u00e9quipe ;<\/p>\n<p>\u2013 M\u00e9daille d\u2019honneur de deuxi\u00e8me classe :<\/p>\n<p>Mme Jamilatou Mokhtar Ebeidi, secr\u00e9taire au service du protocole ;<\/p>\n<p>M. Omar Aliou Thiero, chauffeur ;<\/p>\n<p>M. Ethmane Mohamed Birame, serveur ;<\/p>\n<p>M. Bilal Meyssara Coumba, cuisinier au Palais des Congr\u00e8s.<\/p>\n<\/div>\n<\/div>\n<\/div>\n","protected":false},"excerpt":{"rendered":"<p>Le ministre secr\u00e9taire g\u00e9n\u00e9ral de la Pr\u00e9sidence de la R\u00e9publique, M. Moulaye Ould Mohamed Laghdaf, a proc\u00e9d\u00e9, ce lundi, au Palais pr\u00e9sidentiel \u00e0 Nouakchott, au nom de Son Excellence le Pr\u00e9sident de la R\u00e9publique, \u00e0 la d\u00e9coration de plusieurs employ\u00e9s de la Pr\u00e9sidence de la R\u00e9publique, \u00e0 l\u2019occasion de la comm\u00e9moration du 65e anniversaire de [&hellip;]<\/p>\n","protected":false},"author":8,"featured_media":294087,"comment_status":"open","ping_status":"open","sticky":false,"template":"","format":"standard","meta":{"footnotes":""},"categories":[63920,63957],"tags":[],"class_list":["post-294086","post","type-post","status-publish","format-standard","has-post-thumbnail","hentry","category-a-la-une","category-fil-dactualite"],"_links":{"self":[{"href":"https:\/\/ami.mr\/fr\/wp-json\/wp\/v2\/posts\/294086","targetHints":{"allow":["GET"]}}],"collection":[{"href":"https:\/\/ami.mr\/fr\/wp-json\/wp\/v2\/posts"}],"about":[{"href":"https:\/\/ami.mr\/fr\/wp-json\/wp\/v2\/types\/post"}],"author":[{"embeddable":true,"href":"https:\/\/ami.mr\/fr\/wp-json\/wp\/v2\/users\/8"}],"replies":[{"embeddable":true,"href":"https:\/\/ami.mr\/fr\/wp-json\/wp\/v2\/comments?post=294086"}],"version-history":[{"count":1,"href":"https:\/\/ami.mr\/fr\/wp-json\/wp\/v2\/posts\/294086\/revisions"}],"predecessor-version":[{"id":294088,"href":"https:\/\/ami.mr\/fr\/wp-json\/wp\/v2\/posts\/294086\/revisions\/294088"}],"wp:featuredmedia":[{"embeddable":true,"href":"https:\/\/ami.mr\/fr\/wp-json\/wp\/v2\/media\/294087"}],"wp:attachment":[{"href":"https:\/\/ami.mr\/fr\/wp-json\/wp\/v2\/media?parent=294086"}],"wp:term":[{"taxonomy":"category","embeddable":true,"href":"https:\/\/ami.mr\/fr\/wp-json\/wp\/v2\/categories?post=294086"},{"taxonomy":"post_tag","embeddable":true,"href":"https:\/\/ami.mr\/fr\/wp-json\/wp\/v2\/tags?post=294086"}],"curies":[{"name":"wp","href":"https:\/\/api.w.org\/{rel}","templated":true}]}}