{"id":294083,"date":"2026-04-27T19:01:47","date_gmt":"2026-04-27T19:01:47","guid":{"rendered":"https:\/\/ami.mr\/fr\/?p=294083"},"modified":"2026-04-27T19:01:47","modified_gmt":"2026-04-27T19:01:47","slug":"ouverture-de-mauriturk-expo-2026","status":"publish","type":"post","link":"https:\/\/ami.mr\/fr\/archives\/294083","title":{"rendered":"Ouverture de Mauriturk Expo 2026"},"content":{"rendered":"<div class=\"row\"><\/div>\n<div class=\"row\">\n<div class=\"cell auto-size\">\n<div class=\"set-border bd-gray padding10 margin10 no-margin-right no-margin-left \" dir=\"ltr\">\n<p>Le ministre de la P\u00eache, des Infrastructures Maritimes et Portuaires, par int\u00e9rim ministre du Commerce et du Tourisme, M. Mokhtar Ahmed Bousseif, a pr\u00e9sid\u00e9, lundi \u00e0 Nouakchott, l&#8217;ouverture de la premi\u00e8re \u00e9dition de l&#8217;exposition mauritano-turque de produits.<\/p>\n<p>Cette exposition, organis\u00e9e par l&#8217;Union des Femmes Entrepreneurs et Commer\u00e7antes, en collaboration avec le groupe &#8220;Arbah&#8221; pour le commerce international et les services g\u00e9n\u00e9raux, durant trois jours, vise \u00e0 mettre en valeur la qualit\u00e9 des produits et services, \u00e0 faire conna\u00eetre les capacit\u00e9s des deux pays dans les domaines de l&#8217;innovation, de l&#8217;excellence et de la durabilit\u00e9 pour renforcer les opportunit\u00e9s de coop\u00e9ration \u00e9conomique conjointe.<\/p>\n<p>Dans un discours prononc\u00e9 \u00e0 cette occasion, le ministre a soulign\u00e9 que l&#8217;organisation de cette exposition m\u00e9rite d&#8217;\u00eatre salu\u00e9e et soutenue en raison des importantes implications \u00e9conomiques et commerciales qu&#8217;elle v\u00e9hicule, et du r\u00f4le croissant des femmes mauritaniennes dans les domaines de l&#8217;entrepreneuriat, du commerce et de l&#8217;investissement qu&#8217;elle refl\u00e8te.<\/p>\n<p>Il a ajout\u00e9 que cet \u00e9v\u00e9nement repr\u00e9sente une opportunit\u00e9 prometteuse pour ouvrir de nouvelles perspectives aux acteurs \u00e9conomiques, contribuant ainsi \u00e0 diversifier les sources d&#8217;\u00e9changes commerciaux et \u00e0 renforcer la r\u00e9silience du march\u00e9 national, en particulier, face aux d\u00e9fis que connaissent les cha\u00eenes d&#8217;approvisionnement mondiales et aux fluctuations \u00e9conomiques actuelles, soulignant que la combinaison des produits mauritaniens et turcs dans un m\u00eame espace conf\u00e8re \u00e0 l&#8217;exposition une dimension int\u00e9grative importante, offrant d\u2019importantes opportunit\u00e9s d&#8217;\u00e9change et de partenariat entre les deux parties.<\/p>\n<p>M. le ministre a indiqu\u00e9 que le soutien \u00e0 de telles initiatives s&#8217;inscrit dans la vision \u00e9conomique de Son Excellence le Pr\u00e9sident de la R\u00e9publique, Monsieur Mohamed Ould Cheikh El Ghazouani, visant \u00e0 construire une \u00e9conomie nationale plus ouverte, diversifi\u00e9e et durable, tout en renfor\u00e7ant l&#8217;autonomisation des femmes et leur participation au d\u00e9veloppement et \u00e0 la production.<\/p>\n<p>Il a salu\u00e9 le niveau des relations de coop\u00e9ration et d&#8217;amiti\u00e9 entre la Mauritanie et la Turquie, soulignant que le volume des \u00e9changes commerciaux entre les deux pays a atteint environ 255 millions de dollars am\u00e9ricains l&#8217;ann\u00e9e derni\u00e8re.<\/p>\n<p>De son c\u00f4t\u00e9, l&#8217;ambassadeur de la R\u00e9publique de Turquie en Mauritanie, M. Burhan K\u00f6ro\u011flu, a exprim\u00e9 sa satisfaction quant au niveau de coop\u00e9ration existant entre les deux pays, soulignant les richesses naturelles prometteuses de la Mauritanie et affirmant la volont\u00e9 de son pays \u00e0 renforcer le partenariat et \u00e0 \u00e9largir les domaines d&#8217;investissement.<\/p>\n<p>\u00c0 son tour, le directeur g\u00e9n\u00e9ral de l&#8217;Agence de Promotion des Investissements en Mauritanie, M. Tah Ahmed Maouloud, a indiqu\u00e9 que l&#8217;Agence joue un r\u00f4le central dans la facilitation des investissements en soutenant la transformation des id\u00e9es en projets pratiques, en simplifiant les proc\u00e9dures et en cr\u00e9ant un environnement d&#8217;investissement stimulant qui r\u00e9duit les risques et augmente les chances de succ\u00e8s.<\/p>\n<p>Quant au Pr\u00e9sident de l&#8217;Union Nationale du Patronat Mauritanien, M. Mohamed Zeine El Abidine Ould Cheikh Ahmed, il a affirm\u00e9 que l&#8217;organisation de cette exposition intervient dans un contexte qui exige de redoubler d&#8217;efforts pour faire avancer la roue de l&#8217;\u00e9conomie nationale, soulignant son importance dans l&#8217;\u00e9change d&#8217;exp\u00e9riences, la commercialisation des produits et la mise en \u00e9vidence du r\u00f4le croissant des femmes dans le d\u00e9veloppement \u00e9conomique.<\/p>\n<p>De son c\u00f4t\u00e9, la Pr\u00e9sidente de l&#8217;Union des Femmes Commer\u00e7antes et Entrepreneurs en Mauritanie, Mme Lematt mint Megueya, a soulign\u00e9 que cette \u00e9dition repr\u00e9sente une plateforme importante qui rassemble les acteurs du monde des affaires et renforce les ponts de communication et de partenariat entre les op\u00e9rateurs mauritaniens et turcs.<\/p>\n<p>Le directeur g\u00e9n\u00e9ral du groupe turc &#8220;Arbah&#8221;, M. Mohamed Lemine Ould Dey, a indiqu\u00e9 que l&#8217;exposition &#8220;Mauriturk Expo 2026&#8221; n&#8217;est pas seulement un \u00e9v\u00e9nement \u00e9conomique visant \u00e0 faire conna\u00eetre les produits et \u00e0 connecter les acteurs, mais constitue \u00e9galement une \u00e9tape pratique dans le processus de renforcement des relations bilat\u00e9rales et de d\u00e9veloppement des partenariats d&#8217;investissement entre les deux pays.<\/p>\n<p>Il a affirm\u00e9 la volont\u00e9 du groupe d&#8217;accompagner et de soutenir cette orientation, appelant les hommes d&#8217;affaires et les investisseurs des deux parties \u00e0 intensifier la coop\u00e9ration et \u00e0 saisir les opportunit\u00e9s prometteuses dans les diff\u00e9rents domaines \u00e9conomiques.<\/p>\n<p>La c\u00e9r\u00e9monie d&#8217;ouverture s&#8217;est d\u00e9roul\u00e9e en pr\u00e9sence des autorit\u00e9s administratives et s\u00e9curitaires de la wilaya de Nouakchott Ouest, au c\u00f4t\u00e9 de quelques membres du corps diplomatique accr\u00e9dit\u00e9 en Mauritanie.<\/p>\n<\/div>\n<\/div>\n<\/div>\n","protected":false},"excerpt":{"rendered":"<p>Le ministre de la P\u00eache, des Infrastructures Maritimes et Portuaires, par int\u00e9rim ministre du Commerce et du Tourisme, M. Mokhtar Ahmed Bousseif, a pr\u00e9sid\u00e9, lundi \u00e0 Nouakchott, l&#8217;ouverture de la premi\u00e8re \u00e9dition de l&#8217;exposition mauritano-turque de produits. Cette exposition, organis\u00e9e par l&#8217;Union des Femmes Entrepreneurs et Commer\u00e7antes, en collaboration avec le groupe &#8220;Arbah&#8221; pour le [&hellip;]<\/p>\n","protected":false},"author":8,"featured_media":294084,"comment_status":"open","ping_status":"open","sticky":false,"template":"","format":"standard","meta":{"footnotes":""},"categories":[63920,63957],"tags":[],"class_list":["post-294083","post","type-post","status-publish","format-standard","has-post-thumbnail","hentry","category-a-la-une","category-fil-dactualite"],"_links":{"self":[{"href":"https:\/\/ami.mr\/fr\/wp-json\/wp\/v2\/posts\/294083","targetHints":{"allow":["GET"]}}],"collection":[{"href":"https:\/\/ami.mr\/fr\/wp-json\/wp\/v2\/posts"}],"about":[{"href":"https:\/\/ami.mr\/fr\/wp-json\/wp\/v2\/types\/post"}],"author":[{"embeddable":true,"href":"https:\/\/ami.mr\/fr\/wp-json\/wp\/v2\/users\/8"}],"replies":[{"embeddable":true,"href":"https:\/\/ami.mr\/fr\/wp-json\/wp\/v2\/comments?post=294083"}],"version-history":[{"count":1,"href":"https:\/\/ami.mr\/fr\/wp-json\/wp\/v2\/posts\/294083\/revisions"}],"predecessor-version":[{"id":294085,"href":"https:\/\/ami.mr\/fr\/wp-json\/wp\/v2\/posts\/294083\/revisions\/294085"}],"wp:featuredmedia":[{"embeddable":true,"href":"https:\/\/ami.mr\/fr\/wp-json\/wp\/v2\/media\/294084"}],"wp:attachment":[{"href":"https:\/\/ami.mr\/fr\/wp-json\/wp\/v2\/media?parent=294083"}],"wp:term":[{"taxonomy":"category","embeddable":true,"href":"https:\/\/ami.mr\/fr\/wp-json\/wp\/v2\/categories?post=294083"},{"taxonomy":"post_tag","embeddable":true,"href":"https:\/\/ami.mr\/fr\/wp-json\/wp\/v2\/tags?post=294083"}],"curies":[{"name":"wp","href":"https:\/\/api.w.org\/{rel}","templated":true}]}}