{"id":294080,"date":"2026-04-27T18:33:55","date_gmt":"2026-04-27T18:33:55","guid":{"rendered":"https:\/\/ami.mr\/fr\/?p=294080"},"modified":"2026-04-27T18:33:55","modified_gmt":"2026-04-27T18:33:55","slug":"lancement-des-travaux-dun-groupe-parlementaire-de-lutte-contre-la-malnutrition","status":"publish","type":"post","link":"https:\/\/ami.mr\/fr\/archives\/294080","title":{"rendered":"Lancement des travaux d&#8217;un groupe parlementaire de lutte contre la malnutrition"},"content":{"rendered":"<div class=\"row\"><\/div>\n<div class=\"row\">\n<div class=\"cell auto-size\">\n<div class=\"set-border bd-gray padding10 margin10 no-margin-right no-margin-left \" dir=\"ltr\">\n<p>Le premier vice-pr\u00e9sident de l&#8217;Assembl\u00e9e nationale, M. Sidn\u00e9 Soukhona, a supervis\u00e9, lundi \u00e0 Nouakchott, le lancement des travaux d&#8217;un groupe parlementaire pour la lutte contre la malnutrition.<\/p>\n<p>Dans un discours prononc\u00e9 \u00e0 cette occasion, le premier vice-pr\u00e9sident de l&#8217;Assembl\u00e9e nationale a d\u00e9clar\u00e9 que la malnutrition reste un d\u00e9fi majeur, ayant de profondes r\u00e9percussions sur la sant\u00e9 publique, le capital humain et la coh\u00e9sion sociale, soulignant qu&#8217;elle touche particuli\u00e8rement les cat\u00e9gories les plus vuln\u00e9rables et compromet durablement les perspectives de d\u00e9veloppement.<\/p>\n<p>Il a ajout\u00e9 que la cr\u00e9ation d&#8217;un groupe parlementaire d\u00e9di\u00e9 \u00e0 la lutte contre la malnutrition constitue une initiative qui incarne la volont\u00e9 de l&#8217;Assembl\u00e9e de placer cette probl\u00e9matique au c\u0153ur de l&#8217;action parlementaire \u00e0 travers le suivi, la sensibilisation et le soutien aux politiques publiques.<\/p>\n<p>De son c\u00f4t\u00e9, le ministre de la Culture, des Arts, de la Communication et des Relations avec le Parlement, porte-parole du gouvernement, M. El Houssein Ould Meddou, a d\u00e9clar\u00e9 que \u2018\u2019les autorit\u00e9s publiques accordent une attention particuli\u00e8re au concept de nutrition au niveau national en raison de son lien avec les concepts de protection sociale, les exigences de l&#8217;\u00e9ducation et les droits de l&#8217;enfant, ainsi que le droit \u00e0 une alimentation suffisante et \u00e9quilibr\u00e9e, soulignant que le gouvernement, sous la haute direction de Son Excellence le Pr\u00e9sident de la R\u00e9publique, Monsieur Mohamed Ould Cheikh El Ghazouani, a accord\u00e9 un un int\u00e9r\u00eat particulier \u00e0 cette dimension.<\/p>\n<p>Il a salu\u00e9 la cr\u00e9ation de ce groupe parlementaire, qui renforce et compl\u00e8te les dimensions visant \u00e0 am\u00e9liorer l&#8217;atteinte d&#8217;une alimentation \u00e9quilibr\u00e9e et suffisante et la lutte contre la malnutrition dans notre pays, r\u00e9it\u00e9rant dans ce cadre l&#8217;engagement du gouvernement \u00e0 soutenir cet effort national constructif.<\/p>\n<p>A son tour, le ministre des Affaires \u00c9conomiques et du D\u00e9veloppement, M. Abdallahi Ould Souleymane Ould Cheikh Sidiya, a affirm\u00e9 que le gouvernement, conform\u00e9ment aux directives de Son Excellence le Pr\u00e9sident de la R\u00e9publique, a \u0153uvr\u00e9 \u00e0 att\u00e9nuer les effets des fluctuations \u00e9conomiques et des transformations g\u00e9opolitiques sur les cat\u00e9gories les plus vuln\u00e9rables, pr\u00e9sentant son engagement \u00e0 mettre en \u0153uvre des plans strat\u00e9giques visant \u00e0 garantir une alimentation \u00e9quilibr\u00e9e et suffisante et \u00e0 lutter contre la malnutrition dans le pays.<\/p>\n<p>Quant au pr\u00e9sident du groupe parlementaire, le d\u00e9put\u00e9 Sow Oumar Abdallahi, il a affirm\u00e9 que son groupe n&#8217;est pas seulement un cadre institutionnel, mais aussi un levier d&#8217;action, un espace de mobilisation et un symbole d&#8217;un engagement politique fort et responsable, soulignant qu&#8217;il \u0153uvrera, \u00e0 travers la l\u00e9gislation, le contr\u00f4le et la sensibilisation, \u00e0 mobiliser les ressources n\u00e9cessaires afin de contribuer efficacement \u00e0 la lutte contre la malnutrition.<\/p>\n<p>La repr\u00e9sentante de la directrice r\u00e9gionale pour l&#8217;Afrique de l&#8217;Ouest de l&#8217;organisation World Vision, Mme Fedora Peer-Louis, avait auparavant salu\u00e9, la cr\u00e9ation de ce groupe parlementaire d\u00e9di\u00e9 \u00e0 la lutte contre la malnutrition, qui refl\u00e8te un leadership sage et une forte volont\u00e9 politique de placer le bien-\u00eatre des enfants au c\u0153ur des priorit\u00e9s nationales, affirmant l&#8217;engagement de l&#8217;Organisation \u00e0 accompagner ces efforts, \u00e0 travers le soutien au parlement, au gouvernement, \u00e0 la soci\u00e9t\u00e9 civile et \u00e0 tous les partenaires afin d&#8217;acc\u00e9l\u00e9rer l&#8217;obtention de r\u00e9sultats durables et \u00e0 grande \u00e9chelle en Mauritanie.<\/p>\n<\/div>\n<\/div>\n<\/div>\n","protected":false},"excerpt":{"rendered":"<p>Le premier vice-pr\u00e9sident de l&#8217;Assembl\u00e9e nationale, M. Sidn\u00e9 Soukhona, a supervis\u00e9, lundi \u00e0 Nouakchott, le lancement des travaux d&#8217;un groupe parlementaire pour la lutte contre la malnutrition. Dans un discours prononc\u00e9 \u00e0 cette occasion, le premier vice-pr\u00e9sident de l&#8217;Assembl\u00e9e nationale a d\u00e9clar\u00e9 que la malnutrition reste un d\u00e9fi majeur, ayant de profondes r\u00e9percussions sur la [&hellip;]<\/p>\n","protected":false},"author":8,"featured_media":294081,"comment_status":"open","ping_status":"open","sticky":false,"template":"","format":"standard","meta":{"footnotes":""},"categories":[63920,63957],"tags":[],"class_list":["post-294080","post","type-post","status-publish","format-standard","has-post-thumbnail","hentry","category-a-la-une","category-fil-dactualite"],"_links":{"self":[{"href":"https:\/\/ami.mr\/fr\/wp-json\/wp\/v2\/posts\/294080","targetHints":{"allow":["GET"]}}],"collection":[{"href":"https:\/\/ami.mr\/fr\/wp-json\/wp\/v2\/posts"}],"about":[{"href":"https:\/\/ami.mr\/fr\/wp-json\/wp\/v2\/types\/post"}],"author":[{"embeddable":true,"href":"https:\/\/ami.mr\/fr\/wp-json\/wp\/v2\/users\/8"}],"replies":[{"embeddable":true,"href":"https:\/\/ami.mr\/fr\/wp-json\/wp\/v2\/comments?post=294080"}],"version-history":[{"count":1,"href":"https:\/\/ami.mr\/fr\/wp-json\/wp\/v2\/posts\/294080\/revisions"}],"predecessor-version":[{"id":294082,"href":"https:\/\/ami.mr\/fr\/wp-json\/wp\/v2\/posts\/294080\/revisions\/294082"}],"wp:featuredmedia":[{"embeddable":true,"href":"https:\/\/ami.mr\/fr\/wp-json\/wp\/v2\/media\/294081"}],"wp:attachment":[{"href":"https:\/\/ami.mr\/fr\/wp-json\/wp\/v2\/media?parent=294080"}],"wp:term":[{"taxonomy":"category","embeddable":true,"href":"https:\/\/ami.mr\/fr\/wp-json\/wp\/v2\/categories?post=294080"},{"taxonomy":"post_tag","embeddable":true,"href":"https:\/\/ami.mr\/fr\/wp-json\/wp\/v2\/tags?post=294080"}],"curies":[{"name":"wp","href":"https:\/\/api.w.org\/{rel}","templated":true}]}}