{"id":294058,"date":"2026-04-27T16:59:46","date_gmt":"2026-04-27T16:59:46","guid":{"rendered":"https:\/\/ami.mr\/fr\/?p=294058"},"modified":"2026-04-27T16:59:46","modified_gmt":"2026-04-27T16:59:46","slug":"rosso-atelier-sur-la-capitalisation-des-experiences-renforcant-les-reponses-humanitaires","status":"publish","type":"post","link":"https:\/\/ami.mr\/fr\/archives\/294058","title":{"rendered":"Rosso : atelier sur la capitalisation des exp\u00e9riences renfor\u00e7ant les r\u00e9ponses humanitaires"},"content":{"rendered":"<div class=\"row\"><\/div>\n<div class=\"row\">\n<div class=\"cell auto-size\">\n<div class=\"set-border bd-gray padding10 margin10 no-margin-right no-margin-left \" dir=\"ltr\">\n<p>Le conseiller du wali du Trarza charg\u00e9 des affaires politiques et sociales, M. Mohamed Abdellahi Ould Limam, a supervis\u00e9, lundi \u00e0 Rosso, l&#8217;ouverture d&#8217;un atelier sur l&#8217;exploitation des exp\u00e9riences et des le\u00e7ons pour renforcer les r\u00e9ponses humanitaires, organis\u00e9 par le Croissant-Rouge Mauritanien, en collaboration avec la F\u00e9d\u00e9ration Internationale des Soci\u00e9t\u00e9s de la Croix-Rouge et du Croissant-Rouge au profit des diff\u00e9rents acteurs locaux ayant contribu\u00e9 \u00e0 la mise en \u0153uvre du projet &#8220;mouvement des populations&#8221;.<\/p>\n<p>Dans un discours prononc\u00e9 \u00e0 cette occasion, le conseiller a indiqu\u00e9 que le projet &#8220;mouvement des populations&#8221; constitue un mod\u00e8le important d&#8217;interventions humanitaires et de d\u00e9veloppement visant \u00e0 renforcer la r\u00e9silience des communaut\u00e9s locales, soulignant que l&#8217;organisation de cet atelier refl\u00e8te une r\u00e9elle conscience des hautes autorit\u00e9s du pays.<\/p>\n<p>Il a ajout\u00e9 que le th\u00e8me du mouvement des populations, y compris la migration et les d\u00e9placements internes et transfrontaliers, est l&#8217;une des questions multidimensionnelles qui n\u00e9cessitent des approches globales bas\u00e9es sur la coordination.<\/p>\n<p>De son c\u00f4t\u00e9, le coordinateur national de la migration au Croissant-Rouge Mauritanien, Mohamed Lemine Ould Aybbe, a indiqu\u00e9 que cet atelier offre l&#8217;opportunit\u00e9 d&#8217;\u00e9valuer le projet en renfor\u00e7ant les points forts, en diagnostiquant les faiblesses et en travaillant \u00e0 les surmonter.<\/p>\n<p>Il a soulign\u00e9 que l&#8217;atelier repr\u00e9sente une occasion pour tirer les le\u00e7ons de la mise en \u0153uvre de ce type de projets humanitaires dans une ville frontali\u00e8re importante, l&#8217;une des principales portes d&#8217;entr\u00e9e officielles du pays.<\/p>\n<p>A son tour, l&#8217;adjoint au maire de la commune de Rosso, M. Bada Dieng, a salu\u00e9 l&#8217;organisation de l\u2019atelier et les interventions du Croissant-Rouge Mauritanien en faveur des habitants de la moughataa.<\/p>\n<p>Le repr\u00e9sentant de la F\u00e9d\u00e9ration Internationale des Soci\u00e9t\u00e9s de la Croix-Rouge et du Croissant-Rouge, M. Makan Boubacar Cissao, a, \u00e9galement, salu\u00e9 l&#8217;organisation de l&#8217;atelier, exprimant la volont\u00e9 de la F\u00e9d\u00e9ration d&#8217;accompagner les efforts du Croissant-Rouge Mauritanien dans le domaine du d\u00e9veloppement.<\/p>\n<p>L&#8217;ouverture de l&#8217;atelier s&#8217;est d\u00e9roul\u00e9e en pr\u00e9sence du hakem de Rosso et du vice-pr\u00e9sident de la r\u00e9gion du Trarza.<\/p>\n<\/div>\n<\/div>\n<\/div>\n","protected":false},"excerpt":{"rendered":"<p>Le conseiller du wali du Trarza charg\u00e9 des affaires politiques et sociales, M. Mohamed Abdellahi Ould Limam, a supervis\u00e9, lundi \u00e0 Rosso, l&#8217;ouverture d&#8217;un atelier sur l&#8217;exploitation des exp\u00e9riences et des le\u00e7ons pour renforcer les r\u00e9ponses humanitaires, organis\u00e9 par le Croissant-Rouge Mauritanien, en collaboration avec la F\u00e9d\u00e9ration Internationale des Soci\u00e9t\u00e9s de la Croix-Rouge et du [&hellip;]<\/p>\n","protected":false},"author":8,"featured_media":294059,"comment_status":"open","ping_status":"open","sticky":false,"template":"","format":"standard","meta":{"footnotes":""},"categories":[63918,63957],"tags":[],"class_list":["post-294058","post","type-post","status-publish","format-standard","has-post-thumbnail","hentry","category-autres","category-fil-dactualite"],"_links":{"self":[{"href":"https:\/\/ami.mr\/fr\/wp-json\/wp\/v2\/posts\/294058","targetHints":{"allow":["GET"]}}],"collection":[{"href":"https:\/\/ami.mr\/fr\/wp-json\/wp\/v2\/posts"}],"about":[{"href":"https:\/\/ami.mr\/fr\/wp-json\/wp\/v2\/types\/post"}],"author":[{"embeddable":true,"href":"https:\/\/ami.mr\/fr\/wp-json\/wp\/v2\/users\/8"}],"replies":[{"embeddable":true,"href":"https:\/\/ami.mr\/fr\/wp-json\/wp\/v2\/comments?post=294058"}],"version-history":[{"count":1,"href":"https:\/\/ami.mr\/fr\/wp-json\/wp\/v2\/posts\/294058\/revisions"}],"predecessor-version":[{"id":294060,"href":"https:\/\/ami.mr\/fr\/wp-json\/wp\/v2\/posts\/294058\/revisions\/294060"}],"wp:featuredmedia":[{"embeddable":true,"href":"https:\/\/ami.mr\/fr\/wp-json\/wp\/v2\/media\/294059"}],"wp:attachment":[{"href":"https:\/\/ami.mr\/fr\/wp-json\/wp\/v2\/media?parent=294058"}],"wp:term":[{"taxonomy":"category","embeddable":true,"href":"https:\/\/ami.mr\/fr\/wp-json\/wp\/v2\/categories?post=294058"},{"taxonomy":"post_tag","embeddable":true,"href":"https:\/\/ami.mr\/fr\/wp-json\/wp\/v2\/tags?post=294058"}],"curies":[{"name":"wp","href":"https:\/\/api.w.org\/{rel}","templated":true}]}}