{"id":294022,"date":"2026-04-26T23:52:54","date_gmt":"2026-04-26T23:52:54","guid":{"rendered":"https:\/\/ami.mr\/fr\/?p=294022"},"modified":"2026-04-27T09:25:20","modified_gmt":"2026-04-27T09:25:20","slug":"le-premier-ministre-preside-la-cloture-de-la-troisieme-edition-de-lexposition-expo-mauritanie-2026","status":"publish","type":"post","link":"https:\/\/ami.mr\/fr\/archives\/294022","title":{"rendered":"Le Premier ministre pr\u00e9side la cl\u00f4ture de la troisi\u00e8me \u00e9dition de l&#8217;exposition &#8220;Expo Mauritanie 2026&#8221;"},"content":{"rendered":"<p>Le Premier ministre, M. El Moctar Ould Djay, a pr\u00e9sid\u00e9 ce dimanche soir au Complexe Olympique de Nouakchott la cl\u00f4ture des activit\u00e9s de la troisi\u00e8me \u00e9dition de l&#8217;exposition &#8220;Expo Mauritanie 2026&#8221;, organis\u00e9e sous le slogan &#8220;Fabriqu\u00e9 en Mauritanie&#8221;.<\/p>\n<p>Le Premier ministre a visit\u00e9 les diff\u00e9rents pavillons de l&#8217;exposition, o\u00f9 il a pris connaissance de divers mod\u00e8les de produits et d&#8217;activit\u00e9s des entreprises industrielles, commerciales et de services, qui ont pr\u00e9sent\u00e9 leurs derni\u00e8res innovations et projets, ainsi que les opportunit\u00e9s d&#8217;investissement qu&#8217;elles offrent. Il a \u00e9galement sign\u00e9 le livre d&#8217;or de l&#8217;exposition.<\/p>\n<p>\u00c0 l\u2019issue de la visite, le Premier ministre a d\u00e9clar\u00e9 \u00e0 l\u2019Agence Mauritanienne d\u2019Information que les observations et impressions qu\u2019il a recueillies apr\u00e8s sa tourn\u00e9e dans les all\u00e9es de l\u2019exposition, en compagnie du ministre charg\u00e9 du Secr\u00e9tariat g\u00e9n\u00e9ral du gouvernement, du ministre des Mines et de l\u2019Industrie, et du pr\u00e9sident de l\u2019Union Nationale du Patronat Mauritanien (UNPM), sont en fait ce qu\u2019a exprim\u00e9 Son Excellence le Pr\u00e9sident de la R\u00e9publique, Monsieur Mohamed Ould Cheikh El Ghazouani, apr\u00e8s sa visite des diff\u00e9rents pavillons de l\u2019exposition le jour de son ouverture, soulignant que c\u2019est la m\u00eame impression que tout visiteur et observateur de l\u2019\u00e9volution de cette exposition au cours des trois derni\u00e8res ann\u00e9es en retirerait.<\/p>\n<p>Le Premier ministre a affirm\u00e9 que le secteur de l&#8217;industrie nationale conna\u00eet une dynamique acc\u00e9l\u00e9r\u00e9e et a commenc\u00e9 \u00e0 avancer avec confiance, indiquant que ce d\u00e9veloppement n&#8217;est pas venu de nulle part, mais est le r\u00e9sultat d&#8217;un travail acharn\u00e9 entrepris par le gouvernement, incarnant la vision de Son Excellence le Pr\u00e9sident de la R\u00e9publique, bas\u00e9e sur la n\u00e9cessit\u00e9 d&#8217;atteindre la souverainet\u00e9 industrielle et de cr\u00e9er de la valeur ajout\u00e9e pour les ressources locales.<\/p>\n<p>Il a expliqu\u00e9 que cette vision repr\u00e9sente la formule capable de cr\u00e9er des emplois pour les jeunes, de fournir des devises \u00e9trang\u00e8res, de cr\u00e9er de la valeur ajout\u00e9e et d&#8217;atteindre la souverainet\u00e9 en temps de crise, ce qui donne au pays la capacit\u00e9 de r\u00e9pondre aux besoins des citoyens, sans tomber dans des situations difficiles comme celles que traversent les pays qui ne poss\u00e8dent pas de capacit\u00e9s de production locales.<\/p>\n<p>Il a ajout\u00e9 que le gouvernement travaille, aux c\u00f4t\u00e9s du secteur priv\u00e9 national, \u00e0 concr\u00e9tiser cette vision, soulignant que le secteur priv\u00e9 a r\u00e9pondu aux diff\u00e9rents appels lanc\u00e9s par Son Excellence le Pr\u00e9sident de la R\u00e9publique dans ce sens.<\/p>\n<p>Dans le cadre de son discours sur les d\u00e9fis, le Premier ministre a soulign\u00e9 que le probl\u00e8me de l&#8217;\u00e9lectricit\u00e9 \u00e9tait le principal obstacle au d\u00e9veloppement de l&#8217;industrie, affirmant que le gouvernement a commenc\u00e9 \u00e0 mettre en \u0153uvre des solutions pratiques pour le surmonter, en lan\u00e7ant de grands projets de production d&#8217;\u00e9nergie, qui devraient doubler la capacit\u00e9 \u00e9lectrique nationale \u00e0 court terme.<\/p>\n<p>Il a expliqu\u00e9 que deux grandes centrales ont commenc\u00e9 \u00e0 \u00eatre construites ; l&#8217;une en 2025 et l&#8217;autre en 2026, l&#8217;une ayant une capacit\u00e9 de 225 m\u00e9gawatts en partenariat public-priv\u00e9, tandis que la seconde a une capacit\u00e9 de 72 m\u00e9gawatts, financ\u00e9e par le budget de l&#8217;\u00c9tat mauritanien \u00e0 hauteur d&#8217;environ 32 milliards d&#8217;ouguiyas, et est la premi\u00e8re centrale \u00e9lectrique financ\u00e9e par le budget de l&#8217;\u00c9tat.<\/p>\n<p><img decoding=\"async\" class=\"size-medium wp-image-294024 alignleft\" src=\"https:\/\/ami.mr\/fr\/wp-content\/uploads\/2026\/04\/3G7A0602-300x200.jpg\" alt=\"\" width=\"300\" height=\"200\" srcset=\"https:\/\/ami.mr\/fr\/wp-content\/uploads\/2026\/04\/3G7A0602-300x200.jpg 300w, https:\/\/ami.mr\/fr\/wp-content\/uploads\/2026\/04\/3G7A0602-1024x683.jpg 1024w, https:\/\/ami.mr\/fr\/wp-content\/uploads\/2026\/04\/3G7A0602-768x512.jpg 768w, https:\/\/ami.mr\/fr\/wp-content\/uploads\/2026\/04\/3G7A0602-1536x1024.jpg 1536w, https:\/\/ami.mr\/fr\/wp-content\/uploads\/2026\/04\/3G7A0602-2048x1365.jpg 2048w\" sizes=\"(max-width: 300px) 100vw, 300px\" \/>Le Premier ministre a d\u00e9clar\u00e9 que ces deux centrales commenceront \u00e0 produire avant la fin de 2026, soulignant que le gouvernement suit quotidiennement le respect des d\u00e9lais fix\u00e9s, et que cela donnera une grande impulsion \u00e0 la production d&#8217;\u00e9lectricit\u00e9 dans le pays.<\/p>\n<p>Il a indiqu\u00e9 qu&#8217;un projet de troisi\u00e8me centrale de production d&#8217;\u00e9lectricit\u00e9 utilisant le gaz, d&#8217;une capacit\u00e9 allant jusqu&#8217;\u00e0 225 m\u00e9gawatts, est en cours, et qu&#8217;il est actuellement en phase de finalisation des n\u00e9gociations en vue de la signature de l&#8217;accord avec le d\u00e9veloppeur dans les prochaines semaines. Il est pr\u00e9vu, si Dieu le veut, que cette centrale entre en production fin 2028 ou d\u00e9but 2029, ce qui apportera un ajout qualitatif aux capacit\u00e9s \u00e9lectriques du pays.<\/p>\n<p>Le Premier ministre a expliqu\u00e9 que la capacit\u00e9 de production totale attendue atteindra environ 500 m\u00e9gawatts, voire d\u00e9passera ce niveau, ce qui est sup\u00e9rieur au volume de production d&#8217;\u00e9nergie actuel dans le pays.<\/p>\n<p>Il a affirm\u00e9 que les efforts du gouvernement ne se limitent pas \u00e0 renforcer la production, mais s&#8217;\u00e9tendent \u00e9galement au d\u00e9veloppement du syst\u00e8me de transport d&#8217;\u00e9lectricit\u00e9, \u00e0 travers un programme complet de r\u00e9habilitation et d&#8217;extension du r\u00e9seau existant par la pose de lignes \u00e0 haute tension, soulignant que parmi les projets les plus importants figure le projet d&#8217;interconnexion \u00e9lectrique entre Nouakchott et la ville de N\u00e9ma, dont le co\u00fbt d\u00e9passe 830 millions de dollars.<\/p>\n<p>Il a indiqu\u00e9 que ce projet est le plus grand de son genre depuis l&#8217;ind\u00e9pendance, apr\u00e8s avoir obtenu son financement et lanc\u00e9 un certain nombre d&#8217;appels d&#8217;offres, et que la premi\u00e8re pierre sera pos\u00e9e dans les prochains mois.<\/p>\n<p>Le Premier ministre a ajout\u00e9 que le secteur priv\u00e9 a compris l&#8217;ampleur de ces transformations, surtout avec le d\u00e9but du traitement des d\u00e9fis fondamentaux qui entravaient l&#8217;investissement, ce qui a contribu\u00e9 \u00e0 l&#8217;acc\u00e9l\u00e9ration du rythme des initiatives industrielles dans divers secteurs. Il a soulign\u00e9 que certains de ces projets sont d\u00e9j\u00e0 entr\u00e9s en vigueur, tandis que beaucoup d&#8217;entre eux sont encore en phase de pr\u00e9paration.<\/p>\n<p>Il a affirm\u00e9 que cette dynamique croissante a pouss\u00e9 le gouvernement \u00e0 prendre la d\u00e9cision de cr\u00e9er une nouvelle zone industrielle, \u00e9tant donn\u00e9 l&#8217;incapacit\u00e9 des villes, en particulier leurs centres urbains, \u00e0 absorber cette expansion industrielle rapide, comme c&#8217;\u00e9tait le cas auparavant. Le Premier Ministre a indiqu\u00e9 que le Minist\u00e8re des Mines et de l&#8217;Industrie a lanc\u00e9 cette semaine un appel d&#8217;offres pour la r\u00e9alisation d&#8217;une \u00e9tude scientifique compl\u00e8te concernant la cr\u00e9ation de la nouvelle zone industrielle, dont l&#8217;emplacement a d\u00e9j\u00e0 \u00e9t\u00e9 d\u00e9termin\u00e9. Cette zone devrait \u00eatre l&#8217;une des plus grandes de la r\u00e9gion, avec une superficie de plus de 800 hectares. Il a soulign\u00e9 qu&#8217;elle b\u00e9n\u00e9ficie d&#8217;atouts strat\u00e9giques importants, notamment la disponibilit\u00e9 de l&#8217;\u00e9nergie, une infrastructure \u00e9lectrique avanc\u00e9e et des services de communication modernes, en plus de sa proximit\u00e9 avec les ports et les axes routiers, ce qui en fait un environnement attractif pour l&#8217;investissement industriel.<\/p>\n<p>Le Premier Ministre a insist\u00e9 sur le fait que cette dynamique croissante dans le secteur industriel doit \u00eatre orient\u00e9e selon la vision de Son Excellence le Pr\u00e9sident de la R\u00e9publique, \u00e0 travers trois piliers principaux. Le premier est l&#8217;ancrage des normes de qualit\u00e9, car il est inacceptable d&#8217;avoir des industries ou des produits qui ne r\u00e9pondent pas aux sp\u00e9cifications requises, qu&#8217;ils soient destin\u00e9s au march\u00e9 local ou \u00e0 l&#8217;exportation.<\/p>\n<p><img decoding=\"async\" class=\"size-medium wp-image-294025 alignleft\" src=\"https:\/\/ami.mr\/fr\/wp-content\/uploads\/2026\/04\/3G7A0511-300x200.jpg\" alt=\"\" width=\"300\" height=\"200\" srcset=\"https:\/\/ami.mr\/fr\/wp-content\/uploads\/2026\/04\/3G7A0511-300x200.jpg 300w, https:\/\/ami.mr\/fr\/wp-content\/uploads\/2026\/04\/3G7A0511-1024x683.jpg 1024w, https:\/\/ami.mr\/fr\/wp-content\/uploads\/2026\/04\/3G7A0511-768x512.jpg 768w, https:\/\/ami.mr\/fr\/wp-content\/uploads\/2026\/04\/3G7A0511-1536x1024.jpg 1536w, https:\/\/ami.mr\/fr\/wp-content\/uploads\/2026\/04\/3G7A0511-2048x1365.jpg 2048w\" sizes=\"(max-width: 300px) 100vw, 300px\" \/>Il a ajout\u00e9 que le deuxi\u00e8me pilier r\u00e9side dans l&#8217;autonomisation de la main-d&#8217;\u0153uvre nationale, en lui accordant la priorit\u00e9 dans les diverses activit\u00e9s industrielles, affirmant que la construction d&#8217;une industrie durable ne se r\u00e9alise pas en s&#8217;appuyant sur la main-d&#8217;\u0153uvre \u00e9trang\u00e8re, mais sur les efforts et les comp\u00e9tences de la jeunesse mauritanienne, ce qui renforce la souverainet\u00e9 \u00e9conomique et assure la continuit\u00e9 de la croissance.<\/p>\n<p>Il a soulign\u00e9 que la r\u00e9alisation de ces objectifs n\u00e9cessite de redoubler d&#8217;efforts dans les domaines de la formation professionnelle et de l&#8217;enseignement sup\u00e9rieur, ainsi que de consolider des partenariats efficaces entre le secteur priv\u00e9 et les \u00e9tablissements d&#8217;enseignement, afin d&#8217;assurer une v\u00e9ritable ad\u00e9quation entre les r\u00e9sultats de la formation et les exigences du march\u00e9 du travail. Il a not\u00e9 que la pr\u00e9sence de plusieurs \u00e9tablissements d&#8217;enseignement sup\u00e9rieur et de formation professionnelle \u00e0 l&#8217;exposition envoie un message clair : cette int\u00e9gration est le meilleur moyen de cr\u00e9er des milliers d&#8217;opportunit\u00e9s d&#8217;emploi capables d&#8217;absorber la jeunesse.<\/p>\n<p>Le Premier Ministre a expliqu\u00e9 que le troisi\u00e8me pilier consiste \u00e0 renforcer la valeur ajout\u00e9e, en orientant des investissements de qualit\u00e9 qui contribuent au d\u00e9veloppement des diff\u00e9rents secteurs \u00e9conomiques. Il a affirm\u00e9 que cette orientation ne se limite pas au seul secteur industriel, mais s&#8217;\u00e9tend \u00e0 d&#8217;autres domaines prometteurs o\u00f9 le pays poss\u00e8de des avantages comp\u00e9titifs consid\u00e9rables, que le gouvernement s&#8217;emploie \u00e0 d\u00e9velopper avec la m\u00eame d\u00e9termination et le m\u00eame engagement, incarnant ainsi la vision de Son Excellence le Pr\u00e9sident de la R\u00e9publique.<\/p>\n<p>Il a ajout\u00e9 que l&#8217;int\u00e9gration de ces secteurs est capable de jeter les bases d&#8217;une \u00e9conomie nationale forte et \u00e9quilibr\u00e9e, capable de r\u00e9aliser un d\u00e9veloppement durable, de construire une infrastructure solide et de permettre aux jeunes de contribuer activement au processus de d\u00e9veloppement.<\/p>\n<p>Dans ce contexte, le Premier Ministre a indiqu\u00e9 que le secteur agricole conna\u00eet \u00e9galement une grande r\u00e9volution dont les effets se manifesteront lors de cette exposition, et qu&#8217;un travail important et des surprises significatives sont en cours de pr\u00e9paration par le gouvernement, et devraient \u00eatre rendus publics prochainement.<\/p>\n<p>Il a ajout\u00e9 que le secteur de la p\u00eache fait \u00e9galement l&#8217;objet d&#8217;une r\u00e9flexion strat\u00e9gique afin d&#8217;exploiter au mieux cette richesse importante et renouvelable, soulignant qu&#8217;un travail consid\u00e9rable est actuellement envisag\u00e9 avec le secteur priv\u00e9, et devrait se concr\u00e9tiser par des initiatives tangibles dans les semaines \u00e0 venir.<\/p>\n<p>Il a affirm\u00e9 que le secteur minier conna\u00eet \u00e9galement un d\u00e9veloppement important, expliquant que le pays, depuis l&#8217;ind\u00e9pendance, n&#8217;a exploit\u00e9 que trois grands minerais, tels que ceux exploit\u00e9s par la SNIM, Tasiast et MCM, malgr\u00e9 ses grandes richesses mini\u00e8res.<\/p>\n<p>Il a indiqu\u00e9 que la vision de Son Excellence le Pr\u00e9sident de la R\u00e9publique et le travail du gouvernement commencent \u00e0 porter leurs fruits, exprimant l&#8217;espoir que chacun verra, avant la fin de cette ann\u00e9e, si Dieu le veut, la pose de la premi\u00e8re pierre de nouvelles grandes mines, dont trois ou quatre mines dont la premi\u00e8re pierre devrait \u00eatre pos\u00e9e cette ann\u00e9e, soulignant que le m\u00eame travail est effectu\u00e9 dans le secteur de l&#8217;\u00e9levage.<\/p>\n<p>Le Premier Ministre a affirm\u00e9 que les perspectives \u00e9conomiques du pays sont prometteuses, mais que la transformation de ces opportunit\u00e9s en r\u00e9sultats concrets reste li\u00e9e \u00e0 la n\u00e9cessit\u00e9 de changer les mentalit\u00e9s et de bien investir le temps dans ce qui est utile, notamment dans les domaines de l&#8217;\u00e9ducation, des \u00e9tudes et du travail acharn\u00e9.<\/p>\n<p>Il a soulign\u00e9 que la convergence des efforts des citoyens avec le travail du gouvernement conduira in\u00e9vitablement \u00e0 l&#8217;atteinte des r\u00e9sultats escompt\u00e9s, tandis que l&#8217;absence de cette int\u00e9gration ne fera que maintenir les efforts dans le cadre des paroles sans effet pratique.<\/p>\n<p>Le Premier ministre a conclu en soulignant la fiert\u00e9 du gouvernement face aux efforts d\u00e9ploy\u00e9s par le secteur priv\u00e9 national, comptant sur lui pour poursuivre et renforcer cette dynamique, au service de l&#8217;int\u00e9r\u00eat du citoyen mauritanien et en soutien au processus de d\u00e9veloppement.<\/p>\n<p>Des dizaines d&#8217;institutions, de groupes de production et d&#8217;usines ont particip\u00e9 \u00e0 cette \u00e9dition, organis\u00e9e par l&#8217;Union Nationale du Patronat Mauritanien, r\u00e9parties sur plus de 212 stands, repr\u00e9sentant les diff\u00e9rents secteurs de production et de services du pays.<\/p>\n<p>Le Premier Ministre \u00e9tait accompagn\u00e9 lors de cette visite par le Ministre Secr\u00e9taire G\u00e9n\u00e9ral du Gouvernement, le Ministre des Mines et de l&#8217;Industrie, le Directeur de Cabinet du Premier Ministre, le Wali de Nouakchott Ouest et le Pr\u00e9sident de l&#8217;Union Nationale du Patronat Mauritanien.<\/p>\n","protected":false},"excerpt":{"rendered":"<p>Le Premier ministre, M. El Moctar Ould Djay, a pr\u00e9sid\u00e9 ce dimanche soir au Complexe Olympique de Nouakchott la cl\u00f4ture des activit\u00e9s de la troisi\u00e8me \u00e9dition de l&#8217;exposition &#8220;Expo Mauritanie 2026&#8221;, organis\u00e9e sous le slogan &#8220;Fabriqu\u00e9 en Mauritanie&#8221;. Le Premier ministre a visit\u00e9 les diff\u00e9rents pavillons de l&#8217;exposition, o\u00f9 il a pris connaissance de divers [&hellip;]<\/p>\n","protected":false},"author":5,"featured_media":294023,"comment_status":"open","ping_status":"open","sticky":false,"template":"","format":"standard","meta":{"footnotes":""},"categories":[63919,9,63957,63921,63922],"tags":[],"class_list":["post-294022","post","type-post","status-publish","format-standard","has-post-thumbnail","hentry","category-choix-du-redacteur","category-9","category-fil-dactualite","category-slider-afficher","category-slider-economie"],"_links":{"self":[{"href":"https:\/\/ami.mr\/fr\/wp-json\/wp\/v2\/posts\/294022","targetHints":{"allow":["GET"]}}],"collection":[{"href":"https:\/\/ami.mr\/fr\/wp-json\/wp\/v2\/posts"}],"about":[{"href":"https:\/\/ami.mr\/fr\/wp-json\/wp\/v2\/types\/post"}],"author":[{"embeddable":true,"href":"https:\/\/ami.mr\/fr\/wp-json\/wp\/v2\/users\/5"}],"replies":[{"embeddable":true,"href":"https:\/\/ami.mr\/fr\/wp-json\/wp\/v2\/comments?post=294022"}],"version-history":[{"count":3,"href":"https:\/\/ami.mr\/fr\/wp-json\/wp\/v2\/posts\/294022\/revisions"}],"predecessor-version":[{"id":294032,"href":"https:\/\/ami.mr\/fr\/wp-json\/wp\/v2\/posts\/294022\/revisions\/294032"}],"wp:featuredmedia":[{"embeddable":true,"href":"https:\/\/ami.mr\/fr\/wp-json\/wp\/v2\/media\/294023"}],"wp:attachment":[{"href":"https:\/\/ami.mr\/fr\/wp-json\/wp\/v2\/media?parent=294022"}],"wp:term":[{"taxonomy":"category","embeddable":true,"href":"https:\/\/ami.mr\/fr\/wp-json\/wp\/v2\/categories?post=294022"},{"taxonomy":"post_tag","embeddable":true,"href":"https:\/\/ami.mr\/fr\/wp-json\/wp\/v2\/tags?post=294022"}],"curies":[{"name":"wp","href":"https:\/\/api.w.org\/{rel}","templated":true}]}}