{"id":293991,"date":"2026-04-26T13:34:42","date_gmt":"2026-04-26T13:34:42","guid":{"rendered":"https:\/\/ami.mr\/fr\/?p=293991"},"modified":"2026-04-27T09:40:58","modified_gmt":"2026-04-27T09:40:58","slug":"le-president-de-la-republique-arrive-a-abou-dhabi-pour-une-visite-aux-emirats-arabes-unis","status":"publish","type":"post","link":"https:\/\/ami.mr\/fr\/archives\/293991","title":{"rendered":"Le Pr\u00e9sident de la R\u00e9publique arrive \u00e0 Abou Dhabi pour une visite aux \u00c9mirats arabes unis"},"content":{"rendered":"<p>Son Excellence le Pr\u00e9sident de la R\u00e9publique, M. Mohamed Ould Cheikh El Ghazouani, est arriv\u00e9 ce matin, dimanche, \u00e0 Abou Dhabi pour une visite aux \u00c9mirats arabes unis.<\/p>\n<p>Cette visite s&#8217;inscrit dans le cadre du renforcement des consultations et de la coordination entre les deux pays sur les questions d&#8217;int\u00e9r\u00eat commun, notamment les derniers d\u00e9veloppements au Moyen-Orient.<\/p>\n","protected":false},"excerpt":{"rendered":"<p>Son Excellence le Pr\u00e9sident de la R\u00e9publique, M. Mohamed Ould Cheikh El Ghazouani, est arriv\u00e9 ce matin, dimanche, \u00e0 Abou Dhabi pour une visite aux \u00c9mirats arabes unis. Cette visite s&#8217;inscrit dans le cadre du renforcement des consultations et de la coordination entre les deux pays sur les questions d&#8217;int\u00e9r\u00eat commun, notamment les derniers d\u00e9veloppements [&hellip;]<\/p>\n","protected":false},"author":18,"featured_media":293992,"comment_status":"open","ping_status":"open","sticky":false,"template":"","format":"standard","meta":{"footnotes":""},"categories":[63919,63957,25,63921,63926],"tags":[],"class_list":["post-293991","post","type-post","status-publish","format-standard","has-post-thumbnail","hentry","category-choix-du-redacteur","category-fil-dactualite","category-25","category-slider-afficher","category-slider-general"],"_links":{"self":[{"href":"https:\/\/ami.mr\/fr\/wp-json\/wp\/v2\/posts\/293991","targetHints":{"allow":["GET"]}}],"collection":[{"href":"https:\/\/ami.mr\/fr\/wp-json\/wp\/v2\/posts"}],"about":[{"href":"https:\/\/ami.mr\/fr\/wp-json\/wp\/v2\/types\/post"}],"author":[{"embeddable":true,"href":"https:\/\/ami.mr\/fr\/wp-json\/wp\/v2\/users\/18"}],"replies":[{"embeddable":true,"href":"https:\/\/ami.mr\/fr\/wp-json\/wp\/v2\/comments?post=293991"}],"version-history":[{"count":1,"href":"https:\/\/ami.mr\/fr\/wp-json\/wp\/v2\/posts\/293991\/revisions"}],"predecessor-version":[{"id":293993,"href":"https:\/\/ami.mr\/fr\/wp-json\/wp\/v2\/posts\/293991\/revisions\/293993"}],"wp:featuredmedia":[{"embeddable":true,"href":"https:\/\/ami.mr\/fr\/wp-json\/wp\/v2\/media\/293992"}],"wp:attachment":[{"href":"https:\/\/ami.mr\/fr\/wp-json\/wp\/v2\/media?parent=293991"}],"wp:term":[{"taxonomy":"category","embeddable":true,"href":"https:\/\/ami.mr\/fr\/wp-json\/wp\/v2\/categories?post=293991"},{"taxonomy":"post_tag","embeddable":true,"href":"https:\/\/ami.mr\/fr\/wp-json\/wp\/v2\/tags?post=293991"}],"curies":[{"name":"wp","href":"https:\/\/api.w.org\/{rel}","templated":true}]}}