{"id":293984,"date":"2026-04-26T11:51:51","date_gmt":"2026-04-26T11:51:51","guid":{"rendered":"https:\/\/ami.mr\/fr\/?p=293984"},"modified":"2026-04-27T09:50:56","modified_gmt":"2026-04-27T09:50:56","slug":"le-president-de-la-republique-felicite-son-homologue-sud-africain-9","status":"publish","type":"post","link":"https:\/\/ami.mr\/fr\/archives\/293984","title":{"rendered":"Le Pr\u00e9sident de la R\u00e9publique f\u00e9licite son homologue sud-africain"},"content":{"rendered":"<p>Son Excellence le Pr\u00e9sident de la R\u00e9publique, M. Mohamed Ould Cheikh El Ghazouani, a adress\u00e9 ce dimanche un t\u00e9l\u00e9gramme de f\u00e9licitations \u00e0 Son Excellence M. Cyril Ramaphosa, Pr\u00e9sident de la R\u00e9publique d&#8217;Afrique du Sud, \u00e0 l&#8217;occasion de la f\u00eate nationale de son pays.<\/p>\n<p>Le message pr\u00e9sidentiel est ainsi libell\u00e9 :<\/p>\n<p>\u00ab Excellence et cher fr\u00e8re,<\/p>\n<p>\u00c0 l\u2019occasion de la f\u00eate nationale de votre pays, j\u2019ai le plaisir de vous adresser mes plus chaleureuses f\u00e9licitations et de souhaiter au peuple fr\u00e8re d\u2019Afrique du Sud toujours plus de progr\u00e8s et de prosp\u00e9rit\u00e9.<\/p>\n<p>Je vous r\u00e9affirme \u00e9galement notre engagement \u00e0 poursuivre nos efforts pour renforcer et d\u00e9velopper la coop\u00e9ration existante entre nos deux pays, au service des int\u00e9r\u00eats de nos deux peuples fr\u00e8res.<\/p>\n<p>Veuillez agr\u00e9er, Excellence et Cher fr\u00e8re, l\u2019expression de ma tr\u00e8s haute consid\u00e9ration.<\/p>\n<p>Votre fr\u00e8re, Mohamed Ould Cheikh El Ghazouani. \u00bb<\/p>\n","protected":false},"excerpt":{"rendered":"<p>Son Excellence le Pr\u00e9sident de la R\u00e9publique, M. Mohamed Ould Cheikh El Ghazouani, a adress\u00e9 ce dimanche un t\u00e9l\u00e9gramme de f\u00e9licitations \u00e0 Son Excellence M. Cyril Ramaphosa, Pr\u00e9sident de la R\u00e9publique d&#8217;Afrique du Sud, \u00e0 l&#8217;occasion de la f\u00eate nationale de son pays. Le message pr\u00e9sidentiel est ainsi libell\u00e9 : \u00ab Excellence et cher fr\u00e8re, [&hellip;]<\/p>\n","protected":false},"author":18,"featured_media":293987,"comment_status":"open","ping_status":"open","sticky":false,"template":"","format":"standard","meta":{"footnotes":""},"categories":[63919,63957,25,63921,63926],"tags":[],"class_list":["post-293984","post","type-post","status-publish","format-standard","has-post-thumbnail","hentry","category-choix-du-redacteur","category-fil-dactualite","category-25","category-slider-afficher","category-slider-general"],"_links":{"self":[{"href":"https:\/\/ami.mr\/fr\/wp-json\/wp\/v2\/posts\/293984","targetHints":{"allow":["GET"]}}],"collection":[{"href":"https:\/\/ami.mr\/fr\/wp-json\/wp\/v2\/posts"}],"about":[{"href":"https:\/\/ami.mr\/fr\/wp-json\/wp\/v2\/types\/post"}],"author":[{"embeddable":true,"href":"https:\/\/ami.mr\/fr\/wp-json\/wp\/v2\/users\/18"}],"replies":[{"embeddable":true,"href":"https:\/\/ami.mr\/fr\/wp-json\/wp\/v2\/comments?post=293984"}],"version-history":[{"count":1,"href":"https:\/\/ami.mr\/fr\/wp-json\/wp\/v2\/posts\/293984\/revisions"}],"predecessor-version":[{"id":293986,"href":"https:\/\/ami.mr\/fr\/wp-json\/wp\/v2\/posts\/293984\/revisions\/293986"}],"wp:featuredmedia":[{"embeddable":true,"href":"https:\/\/ami.mr\/fr\/wp-json\/wp\/v2\/media\/293987"}],"wp:attachment":[{"href":"https:\/\/ami.mr\/fr\/wp-json\/wp\/v2\/media?parent=293984"}],"wp:term":[{"taxonomy":"category","embeddable":true,"href":"https:\/\/ami.mr\/fr\/wp-json\/wp\/v2\/categories?post=293984"},{"taxonomy":"post_tag","embeddable":true,"href":"https:\/\/ami.mr\/fr\/wp-json\/wp\/v2\/tags?post=293984"}],"curies":[{"name":"wp","href":"https:\/\/api.w.org\/{rel}","templated":true}]}}