{"id":293961,"date":"2026-04-25T20:39:58","date_gmt":"2026-04-25T20:39:58","guid":{"rendered":"https:\/\/ami.mr\/fr\/?p=293961"},"modified":"2026-04-25T20:39:58","modified_gmt":"2026-04-25T20:39:58","slug":"cloture-dun-atelier-regional-de-formation-au-profit-des-fonctionnaires-parlementaires","status":"publish","type":"post","link":"https:\/\/ami.mr\/fr\/archives\/293961","title":{"rendered":"Cl\u00f4ture d\u2019un atelier r\u00e9gional de formation au profit des fonctionnaires parlementaires"},"content":{"rendered":"<p>Le premier vice-pr\u00e9sident de l\u2019Assembl\u00e9e nationale, M. Sidney Sokhona, a pr\u00e9sid\u00e9, samedi, \u00e0 Nouakchott, la c\u00e9r\u00e9monie de cl\u00f4ture de l\u2019atelier r\u00e9gional de formation \u00ab Geoffrey Dieudonn\u00e9 \u00bb, consacr\u00e9 au renforcement des capacit\u00e9s des fonctionnaires parlementaires de la Mauritanie, de la C\u00f4te d\u2019Ivoire et du S\u00e9n\u00e9gal.<\/p>\n<p>Au cours de cinq jours, les participants ont examin\u00e9 des th\u00e9matiques essentielles li\u00e9es au travail parlementaire, approfondissant leurs connaissances en mati\u00e8re d\u2019\u00e9laboration des lois, d\u2019activit\u00e9s non l\u00e9gislatives, ainsi que des proc\u00e9dures de d\u00e9p\u00f4t et de recevabilit\u00e9 des textes.<\/p>\n<p>Dans une allocution prononc\u00e9e \u00e0 cette occasion, le premier vice-pr\u00e9sident de l\u2019Assembl\u00e9e nationale a soulign\u00e9 que les objectifs fix\u00e9s lors de l\u2019ouverture de la session ont \u00e9t\u00e9 pleinement atteints. Il a pr\u00e9cis\u00e9 que les diff\u00e9rents axes abord\u00e9s ont \u00e9t\u00e9 trait\u00e9s avec s\u00e9rieux, profondeur et clart\u00e9, ajoutant que les \u00e9changes ont \u00e9t\u00e9 soutenus, constructifs et b\u00e9n\u00e9fiques pour l\u2019ensemble des institutions participantes.<\/p>\n<p>Il a, par ailleurs, adress\u00e9 ses remerciements \u00e0 l\u2019Assembl\u00e9e parlementaire de la Francophonie, aux experts formateurs et \u00e0 tous les organisateurs, invitant les participants \u00e0 valoriser les acquis, \u00e0 les partager et \u00e0 pr\u00e9server les liens \u00e9tablis.<\/p>\n<p>La c\u00e9r\u00e9monie a \u00e9t\u00e9 marqu\u00e9e par la remise d\u2019attestations de participation aux b\u00e9n\u00e9ficiaires, en reconnaissance de leur engagement et de leur assiduit\u00e9 tout au long de la formation, ainsi que des comp\u00e9tences acquises, appel\u00e9es \u00e0 \u00eatre mises \u00e0 profit dans l\u2019exercice de leurs fonctions.<\/p>\n","protected":false},"excerpt":{"rendered":"<p>Le premier vice-pr\u00e9sident de l\u2019Assembl\u00e9e nationale, M. Sidney Sokhona, a pr\u00e9sid\u00e9, samedi, \u00e0 Nouakchott, la c\u00e9r\u00e9monie de cl\u00f4ture de l\u2019atelier r\u00e9gional de formation \u00ab Geoffrey Dieudonn\u00e9 \u00bb, consacr\u00e9 au renforcement des capacit\u00e9s des fonctionnaires parlementaires de la Mauritanie, de la C\u00f4te d\u2019Ivoire et du S\u00e9n\u00e9gal. Au cours de cinq jours, les participants ont examin\u00e9 des [&hellip;]<\/p>\n","protected":false},"author":53,"featured_media":293962,"comment_status":"open","ping_status":"open","sticky":false,"template":"","format":"standard","meta":{"footnotes":""},"categories":[63920,63957,63959,63927],"tags":[],"class_list":["post-293961","post","type-post","status-publish","format-standard","has-post-thumbnail","hentry","category-a-la-une","category-fil-dactualite","category-mauritanie","category-slider-mauritanie"],"_links":{"self":[{"href":"https:\/\/ami.mr\/fr\/wp-json\/wp\/v2\/posts\/293961","targetHints":{"allow":["GET"]}}],"collection":[{"href":"https:\/\/ami.mr\/fr\/wp-json\/wp\/v2\/posts"}],"about":[{"href":"https:\/\/ami.mr\/fr\/wp-json\/wp\/v2\/types\/post"}],"author":[{"embeddable":true,"href":"https:\/\/ami.mr\/fr\/wp-json\/wp\/v2\/users\/53"}],"replies":[{"embeddable":true,"href":"https:\/\/ami.mr\/fr\/wp-json\/wp\/v2\/comments?post=293961"}],"version-history":[{"count":1,"href":"https:\/\/ami.mr\/fr\/wp-json\/wp\/v2\/posts\/293961\/revisions"}],"predecessor-version":[{"id":293963,"href":"https:\/\/ami.mr\/fr\/wp-json\/wp\/v2\/posts\/293961\/revisions\/293963"}],"wp:featuredmedia":[{"embeddable":true,"href":"https:\/\/ami.mr\/fr\/wp-json\/wp\/v2\/media\/293962"}],"wp:attachment":[{"href":"https:\/\/ami.mr\/fr\/wp-json\/wp\/v2\/media?parent=293961"}],"wp:term":[{"taxonomy":"category","embeddable":true,"href":"https:\/\/ami.mr\/fr\/wp-json\/wp\/v2\/categories?post=293961"},{"taxonomy":"post_tag","embeddable":true,"href":"https:\/\/ami.mr\/fr\/wp-json\/wp\/v2\/tags?post=293961"}],"curies":[{"name":"wp","href":"https:\/\/api.w.org\/{rel}","templated":true}]}}