{"id":293951,"date":"2026-04-25T18:23:09","date_gmt":"2026-04-25T18:23:09","guid":{"rendered":"https:\/\/ami.mr\/fr\/?p=293951"},"modified":"2026-04-25T18:25:09","modified_gmt":"2026-04-25T18:25:09","slug":"le-vice-president-de-lassemblee-nationale-recoit-un-formateur-de-lassemblee-parlementaire-de-la-francophonie","status":"publish","type":"post","link":"https:\/\/ami.mr\/fr\/archives\/293951","title":{"rendered":"Le vice-pr\u00e9sident de l\u2019Assembl\u00e9e nationale re\u00e7oit un formateur de l\u2019Assembl\u00e9e parlementaire de la Francophonie"},"content":{"rendered":"<p>Le premier vice-pr\u00e9sident de l\u2019Assembl\u00e9e nationale, M. Sidney Dramane Sokhona, a re\u00e7u, samedi, au si\u00e8ge de l\u2019institution, M. S\u00e9kou Konat\u00e9, formateur de l\u2019Assembl\u00e9e parlementaire de la Francophonie (APF), en visite en Mauritanie dans le cadre d\u2019une mission visant \u00e0 renforcer les capacit\u00e9s du personnel parlementaire.<\/p>\n<p>Cette rencontre intervient \u00e0 l\u2019issue d\u2019une session de formation de cinq jours ayant port\u00e9 sur des axes essentiels, notamment l\u2019administration parlementaire et les techniques du travail l\u00e9gislatif. Elle a constitu\u00e9 une opportunit\u00e9 de souligner l\u2019importance de ce type de programmes pour l\u2019am\u00e9lioration des performances administratives et institutionnelles de l\u2019organe l\u00e9gislatif.<\/p>\n<p>Les deux parties ont, par ailleurs, examin\u00e9 plusieurs questions d\u2019int\u00e9r\u00eat commun, relatives au d\u00e9veloppement des comp\u00e9tences et \u00e0 la modernisation des pratiques parlementaires.La rencontre s\u2019est d\u00e9roul\u00e9e en pr\u00e9sence du secr\u00e9taire g\u00e9n\u00e9ral de l\u2019Assembl\u00e9e nationale, M. Sid&#8217;Ahmed Ould Saleh, et du conseiller du pr\u00e9sident de l\u2019Assembl\u00e9e nationale, M. Mohamed Sall.<br \/>\n.<\/p>\n","protected":false},"excerpt":{"rendered":"<p>Le premier vice-pr\u00e9sident de l\u2019Assembl\u00e9e nationale, M. Sidney Dramane Sokhona, a re\u00e7u, samedi, au si\u00e8ge de l\u2019institution, M. S\u00e9kou Konat\u00e9, formateur de l\u2019Assembl\u00e9e parlementaire de la Francophonie (APF), en visite en Mauritanie dans le cadre d\u2019une mission visant \u00e0 renforcer les capacit\u00e9s du personnel parlementaire. Cette rencontre intervient \u00e0 l\u2019issue d\u2019une session de formation de [&hellip;]<\/p>\n","protected":false},"author":53,"featured_media":293952,"comment_status":"open","ping_status":"open","sticky":false,"template":"","format":"standard","meta":{"footnotes":""},"categories":[63920,63957,63923,8672],"tags":[],"class_list":["post-293951","post","type-post","status-publish","format-standard","has-post-thumbnail","hentry","category-a-la-une","category-fil-dactualite","category-slider-wilayas","category-8672"],"_links":{"self":[{"href":"https:\/\/ami.mr\/fr\/wp-json\/wp\/v2\/posts\/293951","targetHints":{"allow":["GET"]}}],"collection":[{"href":"https:\/\/ami.mr\/fr\/wp-json\/wp\/v2\/posts"}],"about":[{"href":"https:\/\/ami.mr\/fr\/wp-json\/wp\/v2\/types\/post"}],"author":[{"embeddable":true,"href":"https:\/\/ami.mr\/fr\/wp-json\/wp\/v2\/users\/53"}],"replies":[{"embeddable":true,"href":"https:\/\/ami.mr\/fr\/wp-json\/wp\/v2\/comments?post=293951"}],"version-history":[{"count":2,"href":"https:\/\/ami.mr\/fr\/wp-json\/wp\/v2\/posts\/293951\/revisions"}],"predecessor-version":[{"id":293954,"href":"https:\/\/ami.mr\/fr\/wp-json\/wp\/v2\/posts\/293951\/revisions\/293954"}],"wp:featuredmedia":[{"embeddable":true,"href":"https:\/\/ami.mr\/fr\/wp-json\/wp\/v2\/media\/293952"}],"wp:attachment":[{"href":"https:\/\/ami.mr\/fr\/wp-json\/wp\/v2\/media?parent=293951"}],"wp:term":[{"taxonomy":"category","embeddable":true,"href":"https:\/\/ami.mr\/fr\/wp-json\/wp\/v2\/categories?post=293951"},{"taxonomy":"post_tag","embeddable":true,"href":"https:\/\/ami.mr\/fr\/wp-json\/wp\/v2\/tags?post=293951"}],"curies":[{"name":"wp","href":"https:\/\/api.w.org\/{rel}","templated":true}]}}