{"id":293941,"date":"2026-04-25T00:13:51","date_gmt":"2026-04-25T00:13:51","guid":{"rendered":"https:\/\/ami.mr\/fr\/?p=293941"},"modified":"2026-04-25T00:13:51","modified_gmt":"2026-04-25T00:13:51","slug":"le-parquet-general-de-nouakchott-nord-presente-levolution-de-lenquete-sur-le-deces-de-la-defunte-fatimata-hamadi-ba","status":"publish","type":"post","link":"https:\/\/ami.mr\/fr\/archives\/293941","title":{"rendered":"Le parquet g\u00e9n\u00e9ral de Nouakchott Nord pr\u00e9sente l\u2019\u00e9volution de l\u2019enqu\u00eate sur le d\u00e9c\u00e8s de la d\u00e9funte Fatimata Hamadi Ba"},"content":{"rendered":"<p>Le procureur de la R\u00e9publique pr\u00e8s la wilaya de Nouakchott Nord, M. Cheikh Baye Ould Sidi, a tenu vendredi soir, au si\u00e8ge du tribunal, une conf\u00e9rence de presse conjointe avec le directeur g\u00e9n\u00e9ral du Centre national hospitalier et un m\u00e9decin l\u00e9giste, consacr\u00e9e \u00e0 l\u2019\u00e9clairage de l\u2019opinion publique sur les circonstances du d\u00e9c\u00e8s de la jeune Fatimata Hamadi Ba.<br \/>\nLe procureur de la R\u00e9publique a indiqu\u00e9 que cette rencontre s\u2019inscrit dans le cadre du souci du minist\u00e8re public d\u2019informer l\u2019opinion publique sur le d\u00e9roulement de l\u2019enqu\u00eate, soulignant que le parquet a \u00e9t\u00e9 surpris par la diffusion de photos de la d\u00e9funte sur certaines plateformes et sites apr\u00e8s la remise du corps \u00e0 sa famille pour inhumation. Il a appel\u00e9 l\u2019ensemble des acteurs \u00e0 faire preuve de responsabilit\u00e9 et \u00e0 respecter la vie priv\u00e9e de la victime.<br \/>\nIl a pr\u00e9cis\u00e9 que le traitement du dossier a \u00e9t\u00e9 conduit sur deux volets : le premier relatif aux circonstances de la d\u00e9couverte du corps, de son transport et de son autopsie, et le second portant sur les investigations en cours visant \u00e0 identifier les personnes ayant \u00e9t\u00e9 en contact avec la d\u00e9funte avant son d\u00e9c\u00e8s.<br \/>\nSelon ses d\u00e9clarations, le corps a \u00e9t\u00e9 d\u00e9couvert dans la matin\u00e9e du samedi 18 du mois en cours \u00e0 proximit\u00e9 de la mosqu\u00e9e dite \u00ab mosqu\u00e9e Ould Ahmedou \u00bb, dans la moughataa de Dar Naim. Il a \u00e9t\u00e9 imm\u00e9diatement transf\u00e9r\u00e9, apr\u00e8s alerte des autorit\u00e9s comp\u00e9tentes, vers l\u2019h\u00f4pital Cheikh Zayed, o\u00f9 il a fait l\u2019objet d\u2019un examen initial par un m\u00e9decin g\u00e9n\u00e9raliste et la police technique et scientifique, sous la supervision du parquet.<br \/>\nIl a ajout\u00e9 qu\u2019en l\u2019absence de tout document d\u2019identit\u00e9 sur la victime, ses empreintes digitales ont \u00e9t\u00e9 relev\u00e9es puis confront\u00e9es au fichier national des empreintes, permettant ainsi son identification gr\u00e2ce \u00e0 son num\u00e9ro national d\u2019identit\u00e9. Sa famille a ensuite \u00e9t\u00e9 contact\u00e9e et inform\u00e9e des mesures prises, avant que le corps ne soit transf\u00e9r\u00e9 au Centre national hospitalier pour autopsie, \u00e0 la demande des proches.<br \/>\nLe procureur a \u00e9galement indiqu\u00e9 que l\u2019enqu\u00eate a inclus l\u2019exploitation des donn\u00e9es t\u00e9l\u00e9phoniques, permettant d\u2019identifier une personne ayant \u00e9t\u00e9 en contact avec la victime dans la moughataa d\u2019Arafat, laquelle a \u00e9t\u00e9 interpell\u00e9e. Ses d\u00e9clarations ont conduit \u00e0 un second individu, identifi\u00e9 comme \u00e9tant celui qui h\u00e9bergeait la jeune femme dans un appartement meubl\u00e9 situ\u00e9 \u00e0 Tevragh-Zeina, \u00e0 proximit\u00e9 du carrefour dit \u00ab Carrefour Jambour \u00bb.<br \/>\nLes investigations ont permis de reconstituer les horaires d\u2019entr\u00e9e et de sortie de la victime de cet appartement. Le principal suspect a ensuite \u00e9t\u00e9 localis\u00e9 et interpell\u00e9 au S\u00e9n\u00e9gal, puis remis aux autorit\u00e9s mauritaniennes, dans un d\u00e9lai n\u2019exc\u00e9dant pas 48 heures.<br \/>\nLe procureur de la R\u00e9publique a r\u00e9affirm\u00e9 l\u2019engagement du minist\u00e8re public \u00e0 exercer ses missions avec fermet\u00e9, dans le respect de la loi et pour la protection de la s\u00e9curit\u00e9 publique, appelant \u00e0 la rigueur dans la diffusion des informations.<br \/>\nDe son c\u00f4t\u00e9, le directeur g\u00e9n\u00e9ral du Centre national hospitalier a pr\u00e9cis\u00e9 que l\u2019autopsie a \u00e9t\u00e9 r\u00e9alis\u00e9e conform\u00e9ment aux normes m\u00e9dicales et l\u00e9gales en vigueur, apr\u00e8s r\u00e9ception du corps et ouverture de l\u2019enqu\u00eate judiciaire.<br \/>\nLe m\u00e9decin l\u00e9giste, le Dr Ahmed Ould Zeine, a indiqu\u00e9 que l\u2019autopsie s\u2019est d\u00e9roul\u00e9e en deux phases : une premi\u00e8re phase d\u2019examen externe ayant r\u00e9v\u00e9l\u00e9 des \u00e9raflures superficielles, et une seconde phase d\u2019examen interne portant sur les organes vitaux, notamment le c\u0153ur, les poumons et le cerveau.<br \/>\nIl a affirm\u00e9 que les r\u00e9sultats ont montr\u00e9 une int\u00e9grit\u00e9 g\u00e9n\u00e9rale des organes vitaux, sans l\u00e9sions graves ni \u00e9l\u00e9ments permettant d\u2019\u00e9tablir un traumatisme susceptible d\u2019\u00eatre la cause directe du d\u00e9c\u00e8s.<br \/>\nUn rapport m\u00e9dico-l\u00e9gal d\u00e9taill\u00e9 a \u00e9t\u00e9 \u00e9tabli et le corps a \u00e9t\u00e9 remis \u00e0 la famille conform\u00e9ment aux proc\u00e9dures l\u00e9gales en vigueur.<br \/>\nEnfin, le parquet a rappel\u00e9, dans un communiqu\u00e9 publi\u00e9 \u00e0 l\u2019issue de la conf\u00e9rence de presse, qu\u2019il demeure \u00e0 la disposition de la famille de la victime afin de r\u00e9pondre \u00e0 toute d\u00e9marche jug\u00e9e utile pour garantir l\u2019int\u00e9gralit\u00e9 de ses droits, dans le strict respect de la loi et de la pr\u00e9somption d\u2019innocence.<\/p>\n","protected":false},"excerpt":{"rendered":"<p>Le procureur de la R\u00e9publique pr\u00e8s la wilaya de Nouakchott Nord, M. Cheikh Baye Ould Sidi, a tenu vendredi soir, au si\u00e8ge du tribunal, une conf\u00e9rence de presse conjointe avec le directeur g\u00e9n\u00e9ral du Centre national hospitalier et un m\u00e9decin l\u00e9giste, consacr\u00e9e \u00e0 l\u2019\u00e9clairage de l\u2019opinion publique sur les circonstances du d\u00e9c\u00e8s de la jeune [&hellip;]<\/p>\n","protected":false},"author":57,"featured_media":293942,"comment_status":"open","ping_status":"open","sticky":false,"template":"","format":"standard","meta":{"footnotes":""},"categories":[63920,63957,63959],"tags":[],"class_list":["post-293941","post","type-post","status-publish","format-standard","has-post-thumbnail","hentry","category-a-la-une","category-fil-dactualite","category-mauritanie"],"_links":{"self":[{"href":"https:\/\/ami.mr\/fr\/wp-json\/wp\/v2\/posts\/293941","targetHints":{"allow":["GET"]}}],"collection":[{"href":"https:\/\/ami.mr\/fr\/wp-json\/wp\/v2\/posts"}],"about":[{"href":"https:\/\/ami.mr\/fr\/wp-json\/wp\/v2\/types\/post"}],"author":[{"embeddable":true,"href":"https:\/\/ami.mr\/fr\/wp-json\/wp\/v2\/users\/57"}],"replies":[{"embeddable":true,"href":"https:\/\/ami.mr\/fr\/wp-json\/wp\/v2\/comments?post=293941"}],"version-history":[{"count":1,"href":"https:\/\/ami.mr\/fr\/wp-json\/wp\/v2\/posts\/293941\/revisions"}],"predecessor-version":[{"id":293943,"href":"https:\/\/ami.mr\/fr\/wp-json\/wp\/v2\/posts\/293941\/revisions\/293943"}],"wp:featuredmedia":[{"embeddable":true,"href":"https:\/\/ami.mr\/fr\/wp-json\/wp\/v2\/media\/293942"}],"wp:attachment":[{"href":"https:\/\/ami.mr\/fr\/wp-json\/wp\/v2\/media?parent=293941"}],"wp:term":[{"taxonomy":"category","embeddable":true,"href":"https:\/\/ami.mr\/fr\/wp-json\/wp\/v2\/categories?post=293941"},{"taxonomy":"post_tag","embeddable":true,"href":"https:\/\/ami.mr\/fr\/wp-json\/wp\/v2\/tags?post=293941"}],"curies":[{"name":"wp","href":"https:\/\/api.w.org\/{rel}","templated":true}]}}