{"id":293932,"date":"2026-04-24T20:40:02","date_gmt":"2026-04-24T20:40:02","guid":{"rendered":"https:\/\/ami.mr\/fr\/?p=293932"},"modified":"2026-04-24T20:40:02","modified_gmt":"2026-04-24T20:40:02","slug":"presentation-a-atar-dune-etude-technique-sur-le-niveau-de-la-nappe-phreatique-en-adrar","status":"publish","type":"post","link":"https:\/\/ami.mr\/fr\/archives\/293932","title":{"rendered":"Pr\u00e9sentation \u00e0 Atar d\u2019une \u00e9tude technique sur le niveau de la nappe phr\u00e9atique en Adrar"},"content":{"rendered":"<p>Le wali de l&#8217;Adrar, M. Abdallahi Ould Mohamed Mahmoud, a supervis\u00e9 vendredi matin \u00e0 Atar, accompagn\u00e9 du pr\u00e9sident de la r\u00e9gion d&#8217;Adrar, M. Mohamed Ould Chrif Ould Abdallahi, l&#8217;ouverture d&#8217;un atelier consultatif sur la gestion int\u00e9gr\u00e9e des ressources en eau au niveau de la wilaya.<\/p>\n<p>L&#8217;atelier, organis\u00e9 par l&#8217;Organisation de D\u00e9veloppement Corail en coop\u00e9ration avec la r\u00e9gion de l&#8217;Adrar, vise \u00e0 pr\u00e9senter une \u00e9tude technique sur le niveau des eaux souterraines dans la wilaya, et \u00e0 constituer un comit\u00e9 r\u00e9gional de l&#8217;eau en concertation avec les autorit\u00e9s administratives, afin d&#8217;assurer une exploitation optimale des ressources en eau.<\/p>\n<p>Le wali a soulign\u00e9, dans un discours prononc\u00e9 \u00e0 cette occasion, que cet atelier s&#8217;inscrit dans le cadre de la mise en \u0153uvre des hautes instructions de Son Excellence le Pr\u00e9sident de la R\u00e9publique, M. Mohamed Ould Cheikh Al-Ghazouani, visant \u00e0 rationaliser les ressources en eau et \u00e0 les exploiter d&#8217;une mani\u00e8re rationnelle qui sert l&#8217;int\u00e9r\u00eat public des citoyens.<\/p>\n<p>Il a ajout\u00e9 que la wilaya d&#8217;Adrar, qui est une wilaya agricole par excellence, a un besoin croissant en eau d\u00fb au doublement de l&#8217;activit\u00e9 agricole, notamment les oasis et la culture mara\u00eech\u00e8re, appelant les responsables de cette \u00e9tude \u00e0 pr\u00e9senter une vision qui permettrait de r\u00e9soudre le probl\u00e8me de l&#8217;eau dans la wilaya.<\/p>\n<p>\u00c0 son tour, le pr\u00e9sident de la r\u00e9gion a indiqu\u00e9 que l&#8217;atelier vise \u00e0 harmoniser et mettre en \u0153uvre la politique de gestion int\u00e9gr\u00e9e des ressources en eau, soulignant que la r\u00e9gion a sign\u00e9 un accord avec l&#8217;Organisation de D\u00e9veloppement Corail pour mettre en \u0153uvre ce processus le 2 f\u00e9vrier de l&#8217;ann\u00e9e derni\u00e8re.<\/p>\n<p>Il a soulign\u00e9 que 13 puits ont \u00e9t\u00e9 identifi\u00e9s pour \u00e9tude au niveau de la moughataa d&#8217;Atar, \u00e0 travers lesquels seront collect\u00e9es les donn\u00e9es relatives aux eaux souterraines, indiquant que ces donn\u00e9es permettront d&#8217;obtenir les informations n\u00e9cessaires pour \u00e9tablir une politique de gestion int\u00e9gr\u00e9e des ressources en eau.<\/p>\n<p>Mme Fabienne Oquist, responsable du projet d&#8217;\u00e9tude au niveau de l&#8217;Adrar, a confirm\u00e9 que l&#8217;\u00e9tude permettra de trouver des solutions appropri\u00e9es au probl\u00e8me de l&#8217;eau dans la wilaya.<\/p>\n<p>L&#8217;atelier s&#8217;est d\u00e9roul\u00e9 en pr\u00e9sence du hakem Adjoint de la moughataa d&#8217;Atar, du Maire Adjoint de sa commune, du Pr\u00e9sident de l&#8217;Association des Maires d&#8217;Adrar, du Coordonnateur R\u00e9gional du Projet de D\u00e9veloppement de l&#8217;Agriculture Fourrag\u00e8re, du Chef de la Cellule du Projet de D\u00e9veloppement des Oasis, du Coordinateur Nord de la Soci\u00e9t\u00e9 Nationale des Eaux, du pr\u00e9sident du Forum r\u00e9gional de la Soci\u00e9t\u00e9 civile et des autorit\u00e9s s\u00e9curitaires de la wilaya.<\/p>\n","protected":false},"excerpt":{"rendered":"<p>Le wali de l&#8217;Adrar, M. Abdallahi Ould Mohamed Mahmoud, a supervis\u00e9 vendredi matin \u00e0 Atar, accompagn\u00e9 du pr\u00e9sident de la r\u00e9gion d&#8217;Adrar, M. Mohamed Ould Chrif Ould Abdallahi, l&#8217;ouverture d&#8217;un atelier consultatif sur la gestion int\u00e9gr\u00e9e des ressources en eau au niveau de la wilaya. L&#8217;atelier, organis\u00e9 par l&#8217;Organisation de D\u00e9veloppement Corail en coop\u00e9ration avec [&hellip;]<\/p>\n","protected":false},"author":53,"featured_media":293933,"comment_status":"open","ping_status":"open","sticky":false,"template":"","format":"standard","meta":{"footnotes":""},"categories":[63918,63957,63923,8672],"tags":[],"class_list":["post-293932","post","type-post","status-publish","format-standard","has-post-thumbnail","hentry","category-autres","category-fil-dactualite","category-slider-wilayas","category-8672"],"_links":{"self":[{"href":"https:\/\/ami.mr\/fr\/wp-json\/wp\/v2\/posts\/293932","targetHints":{"allow":["GET"]}}],"collection":[{"href":"https:\/\/ami.mr\/fr\/wp-json\/wp\/v2\/posts"}],"about":[{"href":"https:\/\/ami.mr\/fr\/wp-json\/wp\/v2\/types\/post"}],"author":[{"embeddable":true,"href":"https:\/\/ami.mr\/fr\/wp-json\/wp\/v2\/users\/53"}],"replies":[{"embeddable":true,"href":"https:\/\/ami.mr\/fr\/wp-json\/wp\/v2\/comments?post=293932"}],"version-history":[{"count":1,"href":"https:\/\/ami.mr\/fr\/wp-json\/wp\/v2\/posts\/293932\/revisions"}],"predecessor-version":[{"id":293934,"href":"https:\/\/ami.mr\/fr\/wp-json\/wp\/v2\/posts\/293932\/revisions\/293934"}],"wp:featuredmedia":[{"embeddable":true,"href":"https:\/\/ami.mr\/fr\/wp-json\/wp\/v2\/media\/293933"}],"wp:attachment":[{"href":"https:\/\/ami.mr\/fr\/wp-json\/wp\/v2\/media?parent=293932"}],"wp:term":[{"taxonomy":"category","embeddable":true,"href":"https:\/\/ami.mr\/fr\/wp-json\/wp\/v2\/categories?post=293932"},{"taxonomy":"post_tag","embeddable":true,"href":"https:\/\/ami.mr\/fr\/wp-json\/wp\/v2\/tags?post=293932"}],"curies":[{"name":"wp","href":"https:\/\/api.w.org\/{rel}","templated":true}]}}