{"id":293861,"date":"2026-04-23T21:00:05","date_gmt":"2026-04-23T21:00:05","guid":{"rendered":"https:\/\/ami.mr\/fr\/?p=293861"},"modified":"2026-04-23T21:00:05","modified_gmt":"2026-04-23T21:00:05","slug":"cloture-de-latelier-de-reflexion-strategique-pour-le-lancement-de-lecole-nationale-darchitecture","status":"publish","type":"post","link":"https:\/\/ami.mr\/fr\/archives\/293861","title":{"rendered":"Cl\u00f4ture de l\u2019atelier de r\u00e9flexion strat\u00e9gique pour le lancement de l\u2019\u00c9cole nationale d\u2019architecture"},"content":{"rendered":"<p>Les travaux de l\u2019atelier de r\u00e9flexion strat\u00e9gique consacr\u00e9 au lancement de l\u2019\u00c9cole nationale d\u2019architecture ont pris fin ce jeudi soir \u00e0 Nouakchott.<\/p>\n<p>Organis\u00e9 par l\u2019Universit\u00e9 de Nouakchott en collaboration avec l\u2019Ordre des architectes mauritaniens, cet atelier visait \u00e0 \u00e9laborer un cadre strat\u00e9gique r\u00e9pondant aux besoins nationaux et conforme aux standards acad\u00e9miques internationaux. Ce cadre comprend la d\u00e9finition de la vision et des objectifs, la formulation des axes p\u00e9dagogiques, la construction du syst\u00e8me de formation, la proposition d\u2019un mod\u00e8le de gouvernance, ainsi que le renforcement des partenariats nationaux et internationaux.<\/p>\n<p>Dans son allocution, le secr\u00e9taire g\u00e9n\u00e9ral du minist\u00e8re de l\u2019Enseignement sup\u00e9rieur et de la Recherche scientifique, M. Mohamed Ould Bilal, a soulign\u00e9 que cet atelier constitue une \u00e9tape importante dans la mise en \u0153uvre des hautes orientations de Son Excellence le Pr\u00e9sident de la R\u00e9publique, M. Mohamed Ould Cheikh El Ghazouani, visant \u00e0 d\u00e9velopper le syst\u00e8me de l\u2019enseignement sup\u00e9rieur, \u00e0 am\u00e9liorer sa qualit\u00e9 et \u00e0 le relier aux besoins du d\u00e9veloppement national.<\/p>\n<p>Il a indiqu\u00e9 que les discussions de l\u2019atelier ont abouti \u00e0 un ensemble de r\u00e9sultats et de recommandations importants, qui constitueront une base solide pour la cr\u00e9ation de l\u2019\u00c9cole nationale d\u2019architecture, selon une vision claire et ambitieuse inspir\u00e9e des meilleures pratiques internationales, tout en tenant compte des sp\u00e9cificit\u00e9s du pays.<\/p>\n<p>Il a ajout\u00e9 que cet atelier a permis de d\u00e9finir les grandes lignes de la vision strat\u00e9gique de la future institution, d\u2019identifier les principales orientations p\u00e9dagogiques, d\u2019envisager la mise en place d\u2019une gouvernance efficace garantissant la qualit\u00e9 et la durabilit\u00e9 de la formation, ainsi que de poser les bases de partenariats nationaux et internationaux en soutien \u00e0 ce projet.<\/p>\n<p>Ont particip\u00e9 \u00e0 cet atelier d\u2019une journ\u00e9e le pr\u00e9sident de l\u2019Universit\u00e9 de Nouakchott, le pr\u00e9sident du Conseil de l\u2019Ordre des architectes mauritaniens, ainsi que plusieurs enseignants-chercheurs, experts et ing\u00e9nieurs, en plus de repr\u00e9sentants d\u2019\u00e9tablissements d\u2019enseignement nationaux et internationaux.<\/p>\n","protected":false},"excerpt":{"rendered":"<p>Les travaux de l\u2019atelier de r\u00e9flexion strat\u00e9gique consacr\u00e9 au lancement de l\u2019\u00c9cole nationale d\u2019architecture ont pris fin ce jeudi soir \u00e0 Nouakchott. Organis\u00e9 par l\u2019Universit\u00e9 de Nouakchott en collaboration avec l\u2019Ordre des architectes mauritaniens, cet atelier visait \u00e0 \u00e9laborer un cadre strat\u00e9gique r\u00e9pondant aux besoins nationaux et conforme aux standards acad\u00e9miques internationaux. Ce cadre comprend [&hellip;]<\/p>\n","protected":false},"author":5,"featured_media":293862,"comment_status":"open","ping_status":"open","sticky":false,"template":"","format":"standard","meta":{"footnotes":""},"categories":[63918,63957,63959],"tags":[],"class_list":["post-293861","post","type-post","status-publish","format-standard","has-post-thumbnail","hentry","category-autres","category-fil-dactualite","category-mauritanie"],"_links":{"self":[{"href":"https:\/\/ami.mr\/fr\/wp-json\/wp\/v2\/posts\/293861","targetHints":{"allow":["GET"]}}],"collection":[{"href":"https:\/\/ami.mr\/fr\/wp-json\/wp\/v2\/posts"}],"about":[{"href":"https:\/\/ami.mr\/fr\/wp-json\/wp\/v2\/types\/post"}],"author":[{"embeddable":true,"href":"https:\/\/ami.mr\/fr\/wp-json\/wp\/v2\/users\/5"}],"replies":[{"embeddable":true,"href":"https:\/\/ami.mr\/fr\/wp-json\/wp\/v2\/comments?post=293861"}],"version-history":[{"count":1,"href":"https:\/\/ami.mr\/fr\/wp-json\/wp\/v2\/posts\/293861\/revisions"}],"predecessor-version":[{"id":293863,"href":"https:\/\/ami.mr\/fr\/wp-json\/wp\/v2\/posts\/293861\/revisions\/293863"}],"wp:featuredmedia":[{"embeddable":true,"href":"https:\/\/ami.mr\/fr\/wp-json\/wp\/v2\/media\/293862"}],"wp:attachment":[{"href":"https:\/\/ami.mr\/fr\/wp-json\/wp\/v2\/media?parent=293861"}],"wp:term":[{"taxonomy":"category","embeddable":true,"href":"https:\/\/ami.mr\/fr\/wp-json\/wp\/v2\/categories?post=293861"},{"taxonomy":"post_tag","embeddable":true,"href":"https:\/\/ami.mr\/fr\/wp-json\/wp\/v2\/tags?post=293861"}],"curies":[{"name":"wp","href":"https:\/\/api.w.org\/{rel}","templated":true}]}}