{"id":293834,"date":"2026-04-23T18:42:25","date_gmt":"2026-04-23T18:42:25","guid":{"rendered":"https:\/\/ami.mr\/fr\/?p=293834"},"modified":"2026-04-23T18:42:25","modified_gmt":"2026-04-23T18:42:25","slug":"tagant-lancement-dune-session-de-formation-en-couture-au-profit-de-18-femmes","status":"publish","type":"post","link":"https:\/\/ami.mr\/fr\/archives\/293834","title":{"rendered":"Tagant: lancement d&#8217;une session de formation en couture au profit de 18 femmes"},"content":{"rendered":"<p>Le wali du Tagant, M. Ahmedou Mamadou Kely, a supervis\u00e9, jeudi \u00e0 Tidjikdja, le lancement d&#8217;une session de formation en couture au profit de 18 femmes et jeunes filles de la wilaya.<\/p>\n<p>Dans un discours prononc\u00e9 \u00e0 cette occasion, il a soulign\u00e9 que la formation professionnelle constitue un pilier essentiel dans la mise en \u0153uvre de la vision de Son Excellence le Pr\u00e9sident de la R\u00e9publique, Monsieur Mohamed Ould Cheikh El Ghazouani, qui place l&#8217;autonomisation des femmes et le renforcement de leur participation \u00e9conomique et sociale parmi ses priorit\u00e9s, ce qui se refl\u00e8te dans les programmes du gouvernement dans les domaines de l&#8217;action sociale et du d\u00e9veloppement durable.<\/p>\n<p>M. le wali a ajout\u00e9 que le d\u00e9partement de l&#8217;action sociale, de l&#8217;enfance et de la famille accorde une importance particuli\u00e8re \u00e0 la qualification professionnelle des femmes, contribuant ainsi \u00e0 leur autonomisation \u00e9conomique, en particulier, les chefs de famille, et leur ouvrant des perspectives de travail et de vie d\u00e9cente.<\/p>\n<p>De leur c\u00f4t\u00e9, le pr\u00e9sident de la r\u00e9gion du Tagant, M. Mohamed Ould Biha, et le maire de la commune de Tidjikdja, M. Jiddou Ould Menabe, ont salu\u00e9 l&#8217;organisation de cette formation, affirmant qu&#8217;elle contribuera \u00e0 am\u00e9liorer les conditions de vie des b\u00e9n\u00e9ficiaires, appelant les participantes \u00e0 tirer parti de la formation, exprimant leur volont\u00e9 de soutenir leurs efforts et de surmonter les difficult\u00e9s qui pourraient surgir apr\u00e8s l&#8217;obtention des dipl\u00f4mes.<\/p>\n<p>La c\u00e9r\u00e9monie de lancement de la session s\u2019est d\u00e9roul\u00e9e en pr\u00e9sence du hakem de Tidjikdja, M. Hattar Ahmed Salem El Keyhel, et du directeur r\u00e9gional du minist\u00e8re de l&#8217;Action Sociale M. Talha Hemmet Baba, au c\u00f4t\u00e9 des chefs des services militaires et de s\u00e9curit\u00e9 de la wilaya.<\/p>\n","protected":false},"excerpt":{"rendered":"<p>Le wali du Tagant, M. Ahmedou Mamadou Kely, a supervis\u00e9, jeudi \u00e0 Tidjikdja, le lancement d&#8217;une session de formation en couture au profit de 18 femmes et jeunes filles de la wilaya. Dans un discours prononc\u00e9 \u00e0 cette occasion, il a soulign\u00e9 que la formation professionnelle constitue un pilier essentiel dans la mise en \u0153uvre [&hellip;]<\/p>\n","protected":false},"author":5,"featured_media":293835,"comment_status":"open","ping_status":"open","sticky":false,"template":"","format":"standard","meta":{"footnotes":""},"categories":[63918,63957,8672],"tags":[],"class_list":["post-293834","post","type-post","status-publish","format-standard","has-post-thumbnail","hentry","category-autres","category-fil-dactualite","category-8672"],"_links":{"self":[{"href":"https:\/\/ami.mr\/fr\/wp-json\/wp\/v2\/posts\/293834","targetHints":{"allow":["GET"]}}],"collection":[{"href":"https:\/\/ami.mr\/fr\/wp-json\/wp\/v2\/posts"}],"about":[{"href":"https:\/\/ami.mr\/fr\/wp-json\/wp\/v2\/types\/post"}],"author":[{"embeddable":true,"href":"https:\/\/ami.mr\/fr\/wp-json\/wp\/v2\/users\/5"}],"replies":[{"embeddable":true,"href":"https:\/\/ami.mr\/fr\/wp-json\/wp\/v2\/comments?post=293834"}],"version-history":[{"count":1,"href":"https:\/\/ami.mr\/fr\/wp-json\/wp\/v2\/posts\/293834\/revisions"}],"predecessor-version":[{"id":293837,"href":"https:\/\/ami.mr\/fr\/wp-json\/wp\/v2\/posts\/293834\/revisions\/293837"}],"wp:featuredmedia":[{"embeddable":true,"href":"https:\/\/ami.mr\/fr\/wp-json\/wp\/v2\/media\/293835"}],"wp:attachment":[{"href":"https:\/\/ami.mr\/fr\/wp-json\/wp\/v2\/media?parent=293834"}],"wp:term":[{"taxonomy":"category","embeddable":true,"href":"https:\/\/ami.mr\/fr\/wp-json\/wp\/v2\/categories?post=293834"},{"taxonomy":"post_tag","embeddable":true,"href":"https:\/\/ami.mr\/fr\/wp-json\/wp\/v2\/tags?post=293834"}],"curies":[{"name":"wp","href":"https:\/\/api.w.org\/{rel}","templated":true}]}}