{"id":293812,"date":"2026-04-23T14:18:58","date_gmt":"2026-04-23T14:18:58","guid":{"rendered":"https:\/\/ami.mr\/fr\/?p=293812"},"modified":"2026-04-23T14:18:58","modified_gmt":"2026-04-23T14:18:58","slug":"le-wali-du-brakna-effectue-une-visite-dinspection-du-projet-de-soutien-a-la-transformation-agricole-dans-la-wilaya","status":"publish","type":"post","link":"https:\/\/ami.mr\/fr\/archives\/293812","title":{"rendered":"Le wali du Brakna effectue une visite d&#8217;inspection du projet de soutien \u00e0 la transformation agricole dans la wilaya"},"content":{"rendered":"<p>Le wali du Brakna, M. Teyib Ould Mohamed Mahmoud, accompagn\u00e9 du pr\u00e9sident de la r\u00e9gion du Brakna, M. El Moustapha Ould Mohamed Mahmoud, a effectu\u00e9, mercredi, une visite d&#8217;inspection et de prise de contact au niveau du projet de soutien \u00e0 la transformation agricole dans la wilaya du Brakna, relevant de l\u2019arrondissement de Dar El Baraka dans la moughataa de Bogh\u00e9.<\/p>\n<p>Cette visite a permis de constater l&#8217;avancement des travaux de cet important projet de d\u00e9veloppement, dont la premi\u00e8re pierre a \u00e9t\u00e9 pos\u00e9e par Son Excellence le Pr\u00e9sident de la R\u00e9publique, Monsieur Mohamed Ould Cheikh El Ghazouani, \u00e0 l&#8217;occasion du 64e anniversaire de la f\u00eate de l&#8217;ind\u00e9pendance nationale.<\/p>\n<p>Financ\u00e9 par la Banque islamique de d\u00e9veloppement, le projet vise \u00e0 mettre en valeur et \u00e0 am\u00e9nager 1 575 hectares, ainsi qu\u2019\u00e0 curer et \u00e9largir 25 kilom\u00e8tres de canaux d\u2019irrigation le long du fleuve, ce qui contribuera \u00e0 am\u00e9liorer la production agricole et \u00e0 renforcer la s\u00e9curit\u00e9 alimentaire dans la r\u00e9gion.<\/p>\n<p>Le wali la d\u00e9l\u00e9gation qui l&#8217;accompagne ont pris connaissance de l&#8217;avancement des travaux et ont \u00e9cout\u00e9 des explications sur les principaux d\u00e9fis, soulignant la n\u00e9cessit\u00e9 d&#8217;acc\u00e9l\u00e9rer le rythme de mise en \u0153uvre conform\u00e9ment aux d\u00e9lais et aux normes fix\u00e9s, afin que la population puisse b\u00e9n\u00e9ficier de ce projet, qui compte parmi les plus grands projets agricoles du pays.<\/p>\n<p>Par la suite, le wali a tenu une r\u00e9union avec les \u00e9lus locaux, les notables et les agriculteurs, au cours de laquelle il a pr\u00e9cis\u00e9 que cette visite s&#8217;inscrivait dans le cadre du suivi des projets de d\u00e9veloppement et du rapprochement de l&#8217;administration avec les citoyens, conform\u00e9ment aux directives de Son Excellence le Pr\u00e9sident de la R\u00e9publique. Il les a appel\u00e9s \u00e0 accompagner ces projets et \u00e0 en tirer parti, en particulier le projet agricole de Rekba.<\/p>\n<p>La r\u00e9union a donn\u00e9 lieu \u00e0 des interventions qui ont mis l&#8217;accent sur l&#8217;importance de ces visites pour le suivi des projets et la prise de contact avec les citoyens, ainsi que pour l&#8217;expression de certaines pr\u00e9occupations, avant que les responsables des services r\u00e9gionaux ne pr\u00e9sentent leurs r\u00e9ponses, chacun dans son domaine de comp\u00e9tence.<\/p>\n<p>Le wali \u00e9tait accompagn\u00e9, lors de cette visite, du hakem de Bogh\u00e9, du chef d\u2019arrondissement de Dar El Baraka et du maire de sa commune, du coordinateur du projet de transformation agricole \u00e0 Rekba, des chefs des services r\u00e9gionaux, du vice-pr\u00e9sident de la F\u00e9d\u00e9ration nationale des agriculteurs, ainsi que d\u2019autres responsables r\u00e9gionaux.<\/p>\n","protected":false},"excerpt":{"rendered":"<p>Le wali du Brakna, M. Teyib Ould Mohamed Mahmoud, accompagn\u00e9 du pr\u00e9sident de la r\u00e9gion du Brakna, M. El Moustapha Ould Mohamed Mahmoud, a effectu\u00e9, mercredi, une visite d&#8217;inspection et de prise de contact au niveau du projet de soutien \u00e0 la transformation agricole dans la wilaya du Brakna, relevant de l\u2019arrondissement de Dar El [&hellip;]<\/p>\n","protected":false},"author":21,"featured_media":293813,"comment_status":"open","ping_status":"open","sticky":false,"template":"","format":"standard","meta":{"footnotes":""},"categories":[63918,63957,8672],"tags":[],"class_list":["post-293812","post","type-post","status-publish","format-standard","has-post-thumbnail","hentry","category-autres","category-fil-dactualite","category-8672"],"_links":{"self":[{"href":"https:\/\/ami.mr\/fr\/wp-json\/wp\/v2\/posts\/293812","targetHints":{"allow":["GET"]}}],"collection":[{"href":"https:\/\/ami.mr\/fr\/wp-json\/wp\/v2\/posts"}],"about":[{"href":"https:\/\/ami.mr\/fr\/wp-json\/wp\/v2\/types\/post"}],"author":[{"embeddable":true,"href":"https:\/\/ami.mr\/fr\/wp-json\/wp\/v2\/users\/21"}],"replies":[{"embeddable":true,"href":"https:\/\/ami.mr\/fr\/wp-json\/wp\/v2\/comments?post=293812"}],"version-history":[{"count":1,"href":"https:\/\/ami.mr\/fr\/wp-json\/wp\/v2\/posts\/293812\/revisions"}],"predecessor-version":[{"id":293814,"href":"https:\/\/ami.mr\/fr\/wp-json\/wp\/v2\/posts\/293812\/revisions\/293814"}],"wp:featuredmedia":[{"embeddable":true,"href":"https:\/\/ami.mr\/fr\/wp-json\/wp\/v2\/media\/293813"}],"wp:attachment":[{"href":"https:\/\/ami.mr\/fr\/wp-json\/wp\/v2\/media?parent=293812"}],"wp:term":[{"taxonomy":"category","embeddable":true,"href":"https:\/\/ami.mr\/fr\/wp-json\/wp\/v2\/categories?post=293812"},{"taxonomy":"post_tag","embeddable":true,"href":"https:\/\/ami.mr\/fr\/wp-json\/wp\/v2\/tags?post=293812"}],"curies":[{"name":"wp","href":"https:\/\/api.w.org\/{rel}","templated":true}]}}