{"id":293753,"date":"2026-04-22T19:55:05","date_gmt":"2026-04-22T19:55:05","guid":{"rendered":"https:\/\/ami.mr\/fr\/?p=293753"},"modified":"2026-04-23T13:50:46","modified_gmt":"2026-04-23T13:50:46","slug":"le-premier-ministre-recoit-la-directrice-regionale-du-bureau-international-du-travail","status":"publish","type":"post","link":"https:\/\/ami.mr\/fr\/archives\/293753","title":{"rendered":"Le Premier ministre re\u00e7oit la directrice r\u00e9gionale de l&#8217;Organisation internationale du Travail"},"content":{"rendered":"<p>Le Premier ministre, M. El Moctar Ould Djay, a re\u00e7u, ce mercredi soir, dans son bureau \u00e0 la Primature, la Directrice g\u00e9n\u00e9rale adjointe et Directrice r\u00e9gionale pour l\u2019Afrique \u00e0 l\u2019Organisation internationale du travail, Mme Fanfan Rwanyindo Kayirangwa.<\/p>\n<p>Au cours de cette rencontre, les deux parties ont examin\u00e9 les moyens de renforcer les relations de partenariat et de coop\u00e9ration entre la Mauritanie et cette organisation internationale, notamment dans les domaines du travail et de la s\u00e9curit\u00e9 sociale.<\/p>\n<p><img decoding=\"async\" class=\"size-medium wp-image-293755 alignleft\" src=\"https:\/\/ami.mr\/fr\/wp-content\/uploads\/2026\/04\/3G7A0273-300x200.jpg\" alt=\"\" width=\"300\" height=\"200\" srcset=\"https:\/\/ami.mr\/fr\/wp-content\/uploads\/2026\/04\/3G7A0273-300x200.jpg 300w, https:\/\/ami.mr\/fr\/wp-content\/uploads\/2026\/04\/3G7A0273-1024x683.jpg 1024w, https:\/\/ami.mr\/fr\/wp-content\/uploads\/2026\/04\/3G7A0273-768x512.jpg 768w, https:\/\/ami.mr\/fr\/wp-content\/uploads\/2026\/04\/3G7A0273-1536x1024.jpg 1536w, https:\/\/ami.mr\/fr\/wp-content\/uploads\/2026\/04\/3G7A0273-2048x1365.jpg 2048w\" sizes=\"(max-width: 300px) 100vw, 300px\" \/>\u00c0 l\u2019issue de l\u2019audience, la directrice r\u00e9gionale a exprim\u00e9, dans une d\u00e9claration \u00e0 l\u2019Agence mauritanienne d\u2019information, ses remerciements au gouvernement de la R\u00e9publique islamique de Mauritanie pour l\u2019accueil chaleureux et l\u2019hospitalit\u00e9 dont elle a b\u00e9n\u00e9fici\u00e9 depuis son arriv\u00e9e dans le pays, saluant \u00e9galement l\u2019invitation qui lui a \u00e9t\u00e9 adress\u00e9e.<\/p>\n<p>Elle a ajout\u00e9 avoir \u00e9t\u00e9 honor\u00e9e de rencontrer le Premier ministre, pr\u00e9cisant que les discussions ont port\u00e9 sur les r\u00e9sultats des forums g\u00e9n\u00e9raux sur la s\u00e9curit\u00e9 sociale, qui constituaient l\u2019objet principal de sa visite en Mauritanie.<\/p>\n<p>Elle a indiqu\u00e9 que cette rencontre lui a permis de s\u2019informer sur le mode de fonctionnement du gouvernement mauritanien, sous la conduite de Son Excellence le Pr\u00e9sident de la R\u00e9publique, M. Mohamed Ould Cheikh El Ghazouani, qui accorde une importance particuli\u00e8re au renforcement de la justice sociale \u00e0 travers des politiques globales de s\u00e9curit\u00e9 et de protection sociale.<\/p>\n<p>Elle a soulign\u00e9 que ces politiques se refl\u00e8tent dans la strat\u00e9gie nationale et se sont concr\u00e9tis\u00e9es de mani\u00e8re tangible lors du forum g\u00e9n\u00e9ral organis\u00e9 en Mauritanie, estimant que cette orientation est en ad\u00e9quation avec les objectifs et les programmes de l&#8217;Organisation internationale du Travail.<\/p>\n<p>Elle a salu\u00e9 la vision visant \u00e0 b\u00e2tir une Mauritanie plus inclusive, o\u00f9 les citoyens b\u00e9n\u00e9ficient d\u2019une couverture de protection sociale, r\u00e9affirmant la disponibilit\u00e9 du Bureau international du Travail \u00e0 accompagner les efforts du gouvernement mauritanien dans la r\u00e9alisation des objectifs de son programme relatifs \u00e0 la promotion de l\u2019emploi et au renforcement du syst\u00e8me de s\u00e9curit\u00e9 sociale.<\/p>\n<p>La rencontre s\u2019est d\u00e9roul\u00e9e en pr\u00e9sence de la ministre de la Fonction publique et du Travail, Mme Mariem Mint Boydiel Houmeid, du directeur de cabinet adjoint du Premier ministre, M. Fouad El Mokhtar Nach, ainsi que du conseiller du Premier ministre, M. Haroun Adeighbi.<\/p>\n","protected":false},"excerpt":{"rendered":"<p>Le Premier ministre, M. El Moctar Ould Djay, a re\u00e7u, ce mercredi soir, dans son bureau \u00e0 la Primature, la Directrice g\u00e9n\u00e9rale adjointe et Directrice r\u00e9gionale pour l\u2019Afrique \u00e0 l\u2019Organisation internationale du travail, Mme Fanfan Rwanyindo Kayirangwa. Au cours de cette rencontre, les deux parties ont examin\u00e9 les moyens de renforcer les relations de partenariat [&hellip;]<\/p>\n","protected":false},"author":5,"featured_media":293754,"comment_status":"open","ping_status":"open","sticky":false,"template":"","format":"standard","meta":{"footnotes":""},"categories":[63919,63957,63959,63921,63927],"tags":[],"class_list":["post-293753","post","type-post","status-publish","format-standard","has-post-thumbnail","hentry","category-choix-du-redacteur","category-fil-dactualite","category-mauritanie","category-slider-afficher","category-slider-mauritanie"],"_links":{"self":[{"href":"https:\/\/ami.mr\/fr\/wp-json\/wp\/v2\/posts\/293753","targetHints":{"allow":["GET"]}}],"collection":[{"href":"https:\/\/ami.mr\/fr\/wp-json\/wp\/v2\/posts"}],"about":[{"href":"https:\/\/ami.mr\/fr\/wp-json\/wp\/v2\/types\/post"}],"author":[{"embeddable":true,"href":"https:\/\/ami.mr\/fr\/wp-json\/wp\/v2\/users\/5"}],"replies":[{"embeddable":true,"href":"https:\/\/ami.mr\/fr\/wp-json\/wp\/v2\/comments?post=293753"}],"version-history":[{"count":2,"href":"https:\/\/ami.mr\/fr\/wp-json\/wp\/v2\/posts\/293753\/revisions"}],"predecessor-version":[{"id":293776,"href":"https:\/\/ami.mr\/fr\/wp-json\/wp\/v2\/posts\/293753\/revisions\/293776"}],"wp:featuredmedia":[{"embeddable":true,"href":"https:\/\/ami.mr\/fr\/wp-json\/wp\/v2\/media\/293754"}],"wp:attachment":[{"href":"https:\/\/ami.mr\/fr\/wp-json\/wp\/v2\/media?parent=293753"}],"wp:term":[{"taxonomy":"category","embeddable":true,"href":"https:\/\/ami.mr\/fr\/wp-json\/wp\/v2\/categories?post=293753"},{"taxonomy":"post_tag","embeddable":true,"href":"https:\/\/ami.mr\/fr\/wp-json\/wp\/v2\/tags?post=293753"}],"curies":[{"name":"wp","href":"https:\/\/api.w.org\/{rel}","templated":true}]}}