{"id":293737,"date":"2026-04-22T16:22:19","date_gmt":"2026-04-22T16:22:19","guid":{"rendered":"https:\/\/ami.mr\/fr\/?p=293737"},"modified":"2026-04-22T16:22:19","modified_gmt":"2026-04-22T16:22:19","slug":"akjoujt-atelier-de-sensibilisation-sur-ladaptation-environnementale-face-au-changement-climatique","status":"publish","type":"post","link":"https:\/\/ami.mr\/fr\/archives\/293737","title":{"rendered":"Akjoujt: atelier de sensibilisation sur l&#8217;adaptation environnementale face au changement climatique"},"content":{"rendered":"<p>Lancement, mercredi \u00e0 Akjoujt, des travaux d&#8217;un atelier de sensibilisation sur l&#8217;approche d&#8217;adaptation bas\u00e9e sur les \u00e9cosyst\u00e8mes, organis\u00e9 par le minist\u00e8re de l&#8217;Environnement et du D\u00e9veloppement durable en collaboration avec le projet (AMSTRA), au profit des acteurs sociaux et professionnels dans la wilaya.<\/p>\n<p>Dans son discours d\u2019ouverture, le directeur de cabinet du wali de l&#8217;Inchiri, M. Sid\u2019Ahmed Ould Mohamed Lemine, a soulign\u00e9 que les changements climatiques repr\u00e9sentent un d\u00e9fi mondial majeur en raison de leurs r\u00e9percussions directes sur l&#8217;homme et l&#8217;environnement, notamment la hausse des temp\u00e9ratures et la multiplication des catastrophes naturelles, telles que la s\u00e9cheresse et les inondations, mena\u00e7ant ainsi la s\u00e9curit\u00e9 alimentaire, ajoutant que l\u2019exigence de relever ces d\u00e9fis n\u00e9cessite de renforcer la conscience environnementale, d&#8217;encourager les \u00e9nergies renouvelables et de rationaliser la consommation des ressources.<\/p>\n<p>Il a indiqu\u00e9 que le secteur, conform\u00e9ment aux directives de Son Excellence le Pr\u00e9sident de la R\u00e9publique, Monsieur Mohamed Ould Cheikh El Ghazouani, a mis en \u0153uvre plusieurs activit\u00e9s dans le cadre du projet d&#8217;adaptation, incluant la fixation des dunes, le soutien \u00e0 l&#8217;agriculture, la protection des sols et la cr\u00e9ation d&#8217;emplois verts, ce qui a eu un impact positif sur la vie des habitants.<\/p>\n<p>De son c\u00f4t\u00e9, l&#8217;adjoint au maire de la commune d&#8217;Akjoujt, M. Brahim Ould Tabakh, a soulign\u00e9 l&#8217;importance de cet atelier pour la diffusion de la conscience environnementale au niveau local, appelant les participants \u00e0 tirer profit des pr\u00e9sentations et \u00e0 \u0153uvrer pour la protection de l&#8217;environnement.<\/p>\n<p>A son tour, l&#8217;expert environnemental Ciss\u00e9 Sidi Abdelkader Jeilani a indiqu\u00e9 que l&#8217;approche d&#8217;adaptation bas\u00e9e sur les \u00e9cosyst\u00e8mes repose sur l&#8217;aide aux communaut\u00e9s pour s&#8217;adapter aux effets du climat, la conservation de la biodiversit\u00e9 et l&#8217;int\u00e9gration de ces efforts dans une strat\u00e9gie globale soutenant le d\u00e9veloppement durable.<\/p>\n<p>L&#8217;ouverture de l\u2019atelier s\u2019est d\u00e9roul\u00e9e en pr\u00e9sence des autorit\u00e9s administratives et s\u00e9curitaires de la wilaya, au c\u00f4t\u00e9 de nombreux acteurs locaux.<\/p>\n","protected":false},"excerpt":{"rendered":"<p>Lancement, mercredi \u00e0 Akjoujt, des travaux d&#8217;un atelier de sensibilisation sur l&#8217;approche d&#8217;adaptation bas\u00e9e sur les \u00e9cosyst\u00e8mes, organis\u00e9 par le minist\u00e8re de l&#8217;Environnement et du D\u00e9veloppement durable en collaboration avec le projet (AMSTRA), au profit des acteurs sociaux et professionnels dans la wilaya. Dans son discours d\u2019ouverture, le directeur de cabinet du wali de l&#8217;Inchiri, [&hellip;]<\/p>\n","protected":false},"author":5,"featured_media":293738,"comment_status":"open","ping_status":"open","sticky":false,"template":"","format":"standard","meta":{"footnotes":""},"categories":[63918,63957,8672],"tags":[],"class_list":["post-293737","post","type-post","status-publish","format-standard","has-post-thumbnail","hentry","category-autres","category-fil-dactualite","category-8672"],"_links":{"self":[{"href":"https:\/\/ami.mr\/fr\/wp-json\/wp\/v2\/posts\/293737","targetHints":{"allow":["GET"]}}],"collection":[{"href":"https:\/\/ami.mr\/fr\/wp-json\/wp\/v2\/posts"}],"about":[{"href":"https:\/\/ami.mr\/fr\/wp-json\/wp\/v2\/types\/post"}],"author":[{"embeddable":true,"href":"https:\/\/ami.mr\/fr\/wp-json\/wp\/v2\/users\/5"}],"replies":[{"embeddable":true,"href":"https:\/\/ami.mr\/fr\/wp-json\/wp\/v2\/comments?post=293737"}],"version-history":[{"count":1,"href":"https:\/\/ami.mr\/fr\/wp-json\/wp\/v2\/posts\/293737\/revisions"}],"predecessor-version":[{"id":293739,"href":"https:\/\/ami.mr\/fr\/wp-json\/wp\/v2\/posts\/293737\/revisions\/293739"}],"wp:featuredmedia":[{"embeddable":true,"href":"https:\/\/ami.mr\/fr\/wp-json\/wp\/v2\/media\/293738"}],"wp:attachment":[{"href":"https:\/\/ami.mr\/fr\/wp-json\/wp\/v2\/media?parent=293737"}],"wp:term":[{"taxonomy":"category","embeddable":true,"href":"https:\/\/ami.mr\/fr\/wp-json\/wp\/v2\/categories?post=293737"},{"taxonomy":"post_tag","embeddable":true,"href":"https:\/\/ami.mr\/fr\/wp-json\/wp\/v2\/tags?post=293737"}],"curies":[{"name":"wp","href":"https:\/\/api.w.org\/{rel}","templated":true}]}}