{"id":293723,"date":"2026-04-22T13:17:01","date_gmt":"2026-04-22T13:17:01","guid":{"rendered":"https:\/\/ami.mr\/fr\/?p=293723"},"modified":"2026-04-22T13:17:01","modified_gmt":"2026-04-22T13:17:01","slug":"demarrage-des-travaux-dun-atelier-sur-la-verification-des-informations-et-la-lutte-contre-les-fake-news","status":"publish","type":"post","link":"https:\/\/ami.mr\/fr\/archives\/293723","title":{"rendered":"D\u00e9marrage des travaux d&#8217;un atelier sur la v\u00e9rification des informations et la lutte contre les fake news"},"content":{"rendered":"<p>Les travaux d\u2019un atelier sur la v\u00e9rification de l&#8217;information et la lutte contre les fake news organis\u00e9 par<\/p>\n<p>minist\u00e8re de la Culture, des Arts, de la Communication et des Relations avec le Parlement avec la collaboration avec du centre Ekid pour les conseils ont d\u00e9but\u00e9 ce mercredi \u00e0 Nouakchott.<\/p>\n<p>L\u2019organisation de cet atelier s\u2019inscrit dans le cadre de la sensibilisation aux dangers de la d\u00e9sinformation m\u00e9diatique, de l&#8217;ancrage d&#8217;une culture de v\u00e9rification des informations et du renforcement des capacit\u00e9s des acteurs du secteur m\u00e9diatique \u00e0 traiter l\u2019information de mani\u00e8re professionnelle, contribuant ainsi \u00e0 la protection de l\u2019opinion publique et au renforcement de la confiance dans le discours m\u00e9diatique.<\/p>\n<p>La rencontre vise \u00e0 renforcer les comp\u00e9tences professionnelles en mati\u00e8re de v\u00e9rification de l&#8217;information, \u00e0 sensibiliser aux risques li\u00e9s aux fausses informations et \u00e0 leurs r\u00e9percussions sur l&#8217;opinion publique et la paix sociale, \u00e0 ancrer la d\u00e9ontologie du m\u00e9tier de journaliste et \u00e0 encourager l&#8217;\u00e9change d&#8217;exp\u00e9riences entre les acteurs du secteur des m\u00e9dias.<\/p>\n<p>Les participants suivront des expos\u00e9s portant sur la description de la r\u00e9alit\u00e9 de la d\u00e9sinformation m\u00e9diatique, l\u2019analyse des d\u00e9fis actuels et la prospective des outils de lutte, en partant du r\u00f4le du professionnel des m\u00e9dias en tant que cr\u00e9ateur de conscience, gardien de la v\u00e9rit\u00e9 et partenaire dans la protection de la soci\u00e9t\u00e9 contre les dangers des rumeurs et de la d\u00e9sinformation.<\/p>\n<p>Le secr\u00e9taire g\u00e9n\u00e9ral du minist\u00e8re, M. Sidi Mohamed Jidou Khatri a indiqu\u00e9 que l&#8217;organisation de cet atelier s&#8217;inscrit dans le contexte de l&#8217;acc\u00e9l\u00e9ration du flux d&#8217;informations et de la multiplication de leurs sources, soulignant que la production d&#8217;informations n&#8217;est plus l&#8217;apanage des institutions professionnelles, ce qui a engendr\u00e9 des d\u00e9fis li\u00e9s \u00e0 la cr\u00e9dibilit\u00e9 des contenus et \u00e0 la propagation de la d\u00e9sinformation.<\/p>\n<p>Il a pr\u00e9cis\u00e9 que les risques li\u00e9s aux fausses informations s&#8217;\u00e9tendent \u00e0 l&#8217;influence sur l&#8217;opinion publique, \u00e0 la menace de la paix sociale et \u00e0 l&#8217;affaiblissement de la confiance dans les institutions tout en assurant que cette initiative s&#8217;inscrit dans le cadre des ambitions de Son Excellence le Pr\u00e9sident de la R\u00e9publique, Monsieur Mohamed Ould Cheikh El Ghazouani visant \u00e0 soutenir les acteurs du secteur des m\u00e9dias, \u00e0 accompagner les transformations num\u00e9riques et \u00e0 ancrer la d\u00e9ontologie professionnelle.<\/p>\n<p>Il a enfin souhait\u00e9 que les d\u00e9bats qui auront lieu lors des travaux contribueront \u00e0 \u00e9tablir une compr\u00e9hension commune des d\u00e9fis \u00e0 relever et \u00e0 \u00e9laborer des approches concr\u00e8tes pour lutter contre le ph\u00e9nom\u00e8ne de la d\u00e9sinformation m\u00e9diatique.<\/p>\n<p>De son c\u00f4t\u00e9, le directeur du \u00ab Centre Ekid pour le conseil \u00bb, M. Babah Sidi Abdellah a pr\u00e9cis\u00e9 que le th\u00e8me de l&#8217;atelier refl\u00e8te une phase d\u00e9licate o\u00f9 l&#8217;information a d\u00e9pass\u00e9 les limites du simple fait d&#8217;actualit\u00e9 dans un espace num\u00e9rique ouvert.<\/p>\n<p>Il a soulign\u00e9 que l\u2019ambition du minist\u00e8re et du centre est d\u2019am\u00e9liorer la qualit\u00e9 du contenu m\u00e9diatique, de limiter la propagation des fausses informations et de renforcer la confiance entre les m\u00e9dias et le public, au service de la stabilit\u00e9 et de la pr\u00e9servation de la paix sociale.<\/p>\n","protected":false},"excerpt":{"rendered":"<p>Les travaux d\u2019un atelier sur la v\u00e9rification de l&#8217;information et la lutte contre les fake news organis\u00e9 par minist\u00e8re de la Culture, des Arts, de la Communication et des Relations avec le Parlement avec la collaboration avec du centre Ekid pour les conseils ont d\u00e9but\u00e9 ce mercredi \u00e0 Nouakchott. L\u2019organisation de cet atelier s\u2019inscrit dans [&hellip;]<\/p>\n","protected":false},"author":16,"featured_media":293724,"comment_status":"open","ping_status":"open","sticky":false,"template":"","format":"standard","meta":{"footnotes":""},"categories":[63918,63957,63959,63927],"tags":[],"class_list":["post-293723","post","type-post","status-publish","format-standard","has-post-thumbnail","hentry","category-autres","category-fil-dactualite","category-mauritanie","category-slider-mauritanie"],"_links":{"self":[{"href":"https:\/\/ami.mr\/fr\/wp-json\/wp\/v2\/posts\/293723","targetHints":{"allow":["GET"]}}],"collection":[{"href":"https:\/\/ami.mr\/fr\/wp-json\/wp\/v2\/posts"}],"about":[{"href":"https:\/\/ami.mr\/fr\/wp-json\/wp\/v2\/types\/post"}],"author":[{"embeddable":true,"href":"https:\/\/ami.mr\/fr\/wp-json\/wp\/v2\/users\/16"}],"replies":[{"embeddable":true,"href":"https:\/\/ami.mr\/fr\/wp-json\/wp\/v2\/comments?post=293723"}],"version-history":[{"count":1,"href":"https:\/\/ami.mr\/fr\/wp-json\/wp\/v2\/posts\/293723\/revisions"}],"predecessor-version":[{"id":293725,"href":"https:\/\/ami.mr\/fr\/wp-json\/wp\/v2\/posts\/293723\/revisions\/293725"}],"wp:featuredmedia":[{"embeddable":true,"href":"https:\/\/ami.mr\/fr\/wp-json\/wp\/v2\/media\/293724"}],"wp:attachment":[{"href":"https:\/\/ami.mr\/fr\/wp-json\/wp\/v2\/media?parent=293723"}],"wp:term":[{"taxonomy":"category","embeddable":true,"href":"https:\/\/ami.mr\/fr\/wp-json\/wp\/v2\/categories?post=293723"},{"taxonomy":"post_tag","embeddable":true,"href":"https:\/\/ami.mr\/fr\/wp-json\/wp\/v2\/tags?post=293723"}],"curies":[{"name":"wp","href":"https:\/\/api.w.org\/{rel}","templated":true}]}}