{"id":293720,"date":"2026-04-21T23:10:00","date_gmt":"2026-04-21T23:10:00","guid":{"rendered":"https:\/\/ami.mr\/fr\/?p=293720"},"modified":"2026-04-22T13:03:27","modified_gmt":"2026-04-22T13:03:27","slug":"lancement-des-travaux-de-la-deuxieme-assemblee-generale-ordinaire-de-la-federation-des-usines-dor","status":"publish","type":"post","link":"https:\/\/ami.mr\/fr\/archives\/293720","title":{"rendered":"Lancement des travaux de la deuxi\u00e8me Assembl\u00e9e g\u00e9n\u00e9rale ordinaire de la F\u00e9d\u00e9ration des usines d\u2019or."},"content":{"rendered":"<p>Les travaux de la deuxi\u00e8me Assembl\u00e9e g\u00e9n\u00e9rale ordinaire de la F\u00e9d\u00e9ration nationale des usines d\u2019or ont \u00e9t\u00e9 lanc\u00e9s, ce mardi, \u00e0 Nouakchott, dans le cadre des efforts visant \u00e0 renforcer la contribution du secteur \u00e0 l\u2019\u00e9conomie nationale et \u00e0 d\u00e9velopper les industries extractives et de transformation.<\/p>\n<p>Dans son discours d\u2019ouverture, le ministre des Mines et de l\u2019Industrie, Edy Ould Zeine, a salu\u00e9 le r\u00f4le croissant de la F\u00e9d\u00e9ration dans l\u2019organisation et le d\u00e9veloppement du secteur de l\u2019industrie aurif\u00e8re, affirmant qu\u2019il constitue d\u00e9sormais un pilier essentiel de l\u2019\u00e9conomie nationale.<\/p>\n<p>Il a \u00e9galement mis en avant la port\u00e9e significative du choix du th\u00e8me de cette assembl\u00e9e g\u00e9n\u00e9rale, combinant \u00ab production mini\u00e8re et protection de l\u2019environnement \u00bb, estimant qu\u2019il refl\u00e8te une prise de conscience avanc\u00e9e de la n\u00e9cessit\u00e9 d\u2019\u00e9quilibrer les exigences du d\u00e9veloppement industriel avec la pr\u00e9servation des \u00e9cosyst\u00e8mes.<\/p>\n<p>Il a pr\u00e9cis\u00e9 que le secteur minier, notamment l\u2019extraction et la transformation de l\u2019or, occupe une place centrale dans la strat\u00e9gie gouvernementale, conform\u00e9ment aux orientations du Pr\u00e9sident de la R\u00e9publique, Mohamed Ould Cheikh El Ghazouani, visant \u00e0 diversifier l\u2019\u00e9conomie et \u00e0 promouvoir une croissance durable.<\/p>\n<p>Il a ajout\u00e9 que le secteur a connu ces derni\u00e8res ann\u00e9es d\u2019importantes r\u00e9formes structurelles, incluant la modernisation des cadres juridiques et institutionnels, l\u2019am\u00e9lioration du climat des affaires, l\u2019octroi d\u2019incitations attractives, ainsi que l\u2019int\u00e9gration de technologies modernes dans les op\u00e9rations d\u2019exploration et d\u2019exploitation.<\/p>\n<p>De son c\u00f4t\u00e9, le pr\u00e9sident de l\u2019Union nationale du patronat mauritanien, Mohamed Zeine El Abidine Ould Cheikh Ahmed, a soulign\u00e9 l\u2019importance du d\u00e9veloppement des industries de transformation, en particulier celle de l\u2019or, afin d\u2019accro\u00eetre la valeur ajout\u00e9e des ressources nationales. Il a \u00e9voqu\u00e9 les d\u00e9fis li\u00e9s aux fluctuations \u00e9conomiques mondiales, notamment dans le domaine de l\u2019\u00e9nergie, appelant \u00e0 l\u2019adoption de solutions innovantes pour am\u00e9liorer l\u2019efficacit\u00e9 de la production et assurer la durabilit\u00e9.<\/p>\n<p>Il a salu\u00e9 le r\u00f4le pionnier de la F\u00e9d\u00e9ration dans le d\u00e9veloppement des activit\u00e9s de raffinage et de transformation, ainsi que sa contribution \u00e0 la r\u00e9duction du ch\u00f4mage \u00e0 travers la cr\u00e9ation d\u2019emplois, le transfert de savoir-faire et de technologies, en vue de b\u00e2tir un tissu industriel national solide et performant.<\/p>\n<p>Pour sa part, le pr\u00e9sident de la F\u00e9d\u00e9ration nationale des usines d\u2019or, M. Sidi Mohamed Ould Ka&#8217;am, a pr\u00e9sent\u00e9 le bilan des activit\u00e9s de la F\u00e9d\u00e9ration durant son premier mandat, ainsi que les perspectives de d\u00e9veloppement du secteur, appelant \u00e0 l\u2019unit\u00e9 des efforts et \u00e0 un travail collectif pour promouvoir ce domaine strat\u00e9gique.<\/p>\n<p>Les travaux de l\u2019assembl\u00e9e ont \u00e9t\u00e9 cl\u00f4tur\u00e9s par la r\u00e9\u00e9lection de Sidi Mohamed Ould Ka&#8217;am \u00e0 la t\u00eate de la F\u00e9d\u00e9ration, avec la mise en place d\u2019un nouveau bureau ex\u00e9cutif et d\u2019un conseil sup\u00e9rieur, ainsi que l\u2019\u00e9lection de ses d\u00e9l\u00e9gu\u00e9s pour le prochain congr\u00e8s de l\u2019Union nationale du patronat mauritanien.<\/p>\n<p>Le lancement de l\u2019assembl\u00e9e g\u00e9n\u00e9rale s\u2019est d\u00e9roul\u00e9 en pr\u00e9sence de la ministre de l\u2019Environnement et du D\u00e9veloppement durable, Mme Messouda Mint Baham Ould Mohamed Laghdaf, du directeur g\u00e9n\u00e9ral de l\u2019Agence nationale Maaden Mauritanie, M. Ba Ousmane, ainsi que d\u2019un ensemble d\u2019acteurs \u00e9conomiques, d\u2019investisseurs et de membres du bureau ex\u00e9cutif.<\/p>\n","protected":false},"excerpt":{"rendered":"<p>Les travaux de la deuxi\u00e8me Assembl\u00e9e g\u00e9n\u00e9rale ordinaire de la F\u00e9d\u00e9ration nationale des usines d\u2019or ont \u00e9t\u00e9 lanc\u00e9s, ce mardi, \u00e0 Nouakchott, dans le cadre des efforts visant \u00e0 renforcer la contribution du secteur \u00e0 l\u2019\u00e9conomie nationale et \u00e0 d\u00e9velopper les industries extractives et de transformation. Dans son discours d\u2019ouverture, le ministre des Mines et [&hellip;]<\/p>\n","protected":false},"author":2,"featured_media":293721,"comment_status":"open","ping_status":"open","sticky":false,"template":"","format":"standard","meta":{"footnotes":""},"categories":[63920,63919,9,63957,63922],"tags":[],"class_list":["post-293720","post","type-post","status-publish","format-standard","has-post-thumbnail","hentry","category-a-la-une","category-choix-du-redacteur","category-9","category-fil-dactualite","category-slider-economie"],"_links":{"self":[{"href":"https:\/\/ami.mr\/fr\/wp-json\/wp\/v2\/posts\/293720","targetHints":{"allow":["GET"]}}],"collection":[{"href":"https:\/\/ami.mr\/fr\/wp-json\/wp\/v2\/posts"}],"about":[{"href":"https:\/\/ami.mr\/fr\/wp-json\/wp\/v2\/types\/post"}],"author":[{"embeddable":true,"href":"https:\/\/ami.mr\/fr\/wp-json\/wp\/v2\/users\/2"}],"replies":[{"embeddable":true,"href":"https:\/\/ami.mr\/fr\/wp-json\/wp\/v2\/comments?post=293720"}],"version-history":[{"count":1,"href":"https:\/\/ami.mr\/fr\/wp-json\/wp\/v2\/posts\/293720\/revisions"}],"predecessor-version":[{"id":293722,"href":"https:\/\/ami.mr\/fr\/wp-json\/wp\/v2\/posts\/293720\/revisions\/293722"}],"wp:featuredmedia":[{"embeddable":true,"href":"https:\/\/ami.mr\/fr\/wp-json\/wp\/v2\/media\/293721"}],"wp:attachment":[{"href":"https:\/\/ami.mr\/fr\/wp-json\/wp\/v2\/media?parent=293720"}],"wp:term":[{"taxonomy":"category","embeddable":true,"href":"https:\/\/ami.mr\/fr\/wp-json\/wp\/v2\/categories?post=293720"},{"taxonomy":"post_tag","embeddable":true,"href":"https:\/\/ami.mr\/fr\/wp-json\/wp\/v2\/tags?post=293720"}],"curies":[{"name":"wp","href":"https:\/\/api.w.org\/{rel}","templated":true}]}}