{"id":293717,"date":"2026-04-22T12:02:59","date_gmt":"2026-04-22T12:02:59","guid":{"rendered":"https:\/\/ami.mr\/fr\/?p=293717"},"modified":"2026-04-22T12:02:59","modified_gmt":"2026-04-22T12:02:59","slug":"lancement-dune-campagne-de-sensibilisation-pour-renforcer-la-securite-routiere-a-nouakchott","status":"publish","type":"post","link":"https:\/\/ami.mr\/fr\/archives\/293717","title":{"rendered":"Lancement d&#8217;une campagne de sensibilisation pour renforcer la s\u00e9curit\u00e9 routi\u00e8re \u00e0 Nouakchott"},"content":{"rendered":"<p>Une campagne de sensibilisation visant \u00e0 renforcer la s\u00e9curit\u00e9 routi\u00e8re \u00e0 Nouakchott a \u00e9t\u00e9 lanc\u00e9e ce mercredi.<\/p>\n<p>Organis\u00e9e par la direction de la pr\u00e9vention et de la s\u00e9curit\u00e9 routi\u00e8re avec la collaboration de l\u2019autorit\u00e9 de r\u00e9gulation du transports routier, cette initiative s\u2019inscrit dans le cadre des efforts visant \u00e0 am\u00e9liorer la sensibilisation \u00e0 la s\u00e9curit\u00e9 routi\u00e8re afin de r\u00e9duire le nombre d\u2019accidents de la circulation.<\/p>\n<p>Cette campagne, qui s&#8217;\u00e9tend sur deux jours, vise \u00e0 ancrer une culture de la s\u00e9curit\u00e9 routi\u00e8re chez les conducteurs et les usagers de la route, \u00e0 travers l&#8217;organisation d&#8217;activit\u00e9s de sensibilisation et la diffusion de conseils pratiques sur le respect du code de la route et l&#8217;application des mesures de pr\u00e9vention.<\/p>\n<p>Le directeur de la pr\u00e9vention et de la s\u00e9curit\u00e9 routi\u00e8re au minist\u00e8re de l&#8217;\u00c9quipement et des Transports, M. Malik Fall a pr\u00e9cis\u00e9 que cette initiative s&#8217;inscrit dans le cadre des programmes visant \u00e0 r\u00e9duire les accidents de la route, en intensifiant les efforts de sensibilisation aux dangers de la vitesse excessive, du non-respect des feux de signalisation et de l&#8217;importance du port de la ceinture de s\u00e9curit\u00e9, tout en mettant en garde contre les diff\u00e9rents comportements qui menacent la s\u00e9curit\u00e9 des citoyens.<\/p>\n<p>De son c\u00f4t\u00e9, le directeur des transports urbains au sein de l&#8217;autorit\u00e9 de r\u00e9gulation des transports, M. Ali A\u00efda, a soulign\u00e9 que le programme de la campagne pr\u00e9voit l&#8217;organisation de rencontres directes avec les conducteurs et la distribution de brochures de sensibilisation, dans le but de contribuer \u00e0 modifier les comportements n\u00e9gatifs sur la route.<\/p>\n<p>Il a assur\u00e9 que le respect des limitations de vitesse est l&#8217;un des principaux facteurs de s\u00e9curit\u00e9 routi\u00e8re, pr\u00e9cisant que la vitesse maximale en agglom\u00e9ration est fix\u00e9e \u00e0 50 km\/h, compte tenu de la densit\u00e9 de population et de la circulation pi\u00e9tonne, tandis qu&#8217;elle atteint 90 km\/h hors agglom\u00e9ration, afin de r\u00e9duire les risques d&#8217;accidents et d&#8217;assurer la s\u00e9curit\u00e9 de tous les usagers de la route.<\/p>\n","protected":false},"excerpt":{"rendered":"<p>Une campagne de sensibilisation visant \u00e0 renforcer la s\u00e9curit\u00e9 routi\u00e8re \u00e0 Nouakchott a \u00e9t\u00e9 lanc\u00e9e ce mercredi. Organis\u00e9e par la direction de la pr\u00e9vention et de la s\u00e9curit\u00e9 routi\u00e8re avec la collaboration de l\u2019autorit\u00e9 de r\u00e9gulation du transports routier, cette initiative s\u2019inscrit dans le cadre des efforts visant \u00e0 am\u00e9liorer la sensibilisation \u00e0 la s\u00e9curit\u00e9 [&hellip;]<\/p>\n","protected":false},"author":16,"featured_media":293718,"comment_status":"open","ping_status":"open","sticky":false,"template":"","format":"standard","meta":{"footnotes":""},"categories":[63918,63957,63959],"tags":[],"class_list":["post-293717","post","type-post","status-publish","format-standard","has-post-thumbnail","hentry","category-autres","category-fil-dactualite","category-mauritanie"],"_links":{"self":[{"href":"https:\/\/ami.mr\/fr\/wp-json\/wp\/v2\/posts\/293717","targetHints":{"allow":["GET"]}}],"collection":[{"href":"https:\/\/ami.mr\/fr\/wp-json\/wp\/v2\/posts"}],"about":[{"href":"https:\/\/ami.mr\/fr\/wp-json\/wp\/v2\/types\/post"}],"author":[{"embeddable":true,"href":"https:\/\/ami.mr\/fr\/wp-json\/wp\/v2\/users\/16"}],"replies":[{"embeddable":true,"href":"https:\/\/ami.mr\/fr\/wp-json\/wp\/v2\/comments?post=293717"}],"version-history":[{"count":1,"href":"https:\/\/ami.mr\/fr\/wp-json\/wp\/v2\/posts\/293717\/revisions"}],"predecessor-version":[{"id":293719,"href":"https:\/\/ami.mr\/fr\/wp-json\/wp\/v2\/posts\/293717\/revisions\/293719"}],"wp:featuredmedia":[{"embeddable":true,"href":"https:\/\/ami.mr\/fr\/wp-json\/wp\/v2\/media\/293718"}],"wp:attachment":[{"href":"https:\/\/ami.mr\/fr\/wp-json\/wp\/v2\/media?parent=293717"}],"wp:term":[{"taxonomy":"category","embeddable":true,"href":"https:\/\/ami.mr\/fr\/wp-json\/wp\/v2\/categories?post=293717"},{"taxonomy":"post_tag","embeddable":true,"href":"https:\/\/ami.mr\/fr\/wp-json\/wp\/v2\/tags?post=293717"}],"curies":[{"name":"wp","href":"https:\/\/api.w.org\/{rel}","templated":true}]}}