{"id":293687,"date":"2026-04-21T19:08:14","date_gmt":"2026-04-21T19:08:14","guid":{"rendered":"https:\/\/ami.mr\/fr\/?p=293687"},"modified":"2026-04-21T19:08:14","modified_gmt":"2026-04-21T19:08:14","slug":"le-ministre-de-lagriculture-recoit-lambassadeur-despagne","status":"publish","type":"post","link":"https:\/\/ami.mr\/fr\/archives\/293687","title":{"rendered":"Le ministre de l&#8217;Agriculture re\u00e7oit l\u2019ambassadeur d\u2019Espagne"},"content":{"rendered":"<div class=\"row\">\n<div class=\"cell auto-size bd-gray\" dir=\"ltr\"><\/div>\n<\/div>\n<div class=\"row\">\n<div class=\"cell auto-size\">\n<div class=\"set-border bd-gray padding10 margin10 no-margin-right no-margin-left \" dir=\"ltr\">\n<p>Le ministre de l&#8217;Agriculture et de la Souverainet\u00e9 alimentaire, M. Mohamedou Ahmadou Mhimid, a re\u00e7u aujourd&#8217;hui mardi, dans son bureau \u00e0 Nouakchott, Son Excellence l&#8217;ambassadeur du Royaume d&#8217;Espagne accr\u00e9dit\u00e9 en Mauritanie, M. Pablo B\u00e1rbara Comez.<\/p>\n<p>La rencontre a \u00e9t\u00e9 l&#8217;occasion de passer en revue les relations de coop\u00e9ration existantes entre la Mauritanie et l&#8217;Espagne, notamment dans le secteur agricole.<\/p>\n<p>Le ministre a soulign\u00e9 le r\u00f4le central jou\u00e9 par l&#8217;Espagne dans le soutien aux programmes de d\u00e9veloppement agricole, notamment \u00e0 travers l&#8217;Agence espagnole de coop\u00e9ration internationale, qui a contribu\u00e9 \u00e0 la mise en \u0153uvre d&#8217;un certain nombre de projets vitaux.<\/p>\n<p>Il a soulign\u00e9 la volont\u00e9 du secteur de consolider cette coop\u00e9ration et de l&#8217;\u00e9largir pour inclure diverses cha\u00eenes de production agricole, en mettant l&#8217;accent sur le renforcement des partenariats entre les secteurs public et priv\u00e9, de mani\u00e8re \u00e0 soutenir les objectifs de d\u00e9veloppement agricole et \u00e0 renforcer la s\u00e9curit\u00e9 alimentaire.<\/p>\n<p>De son c\u00f4t\u00e9, l&#8217;ambassadeur d&#8217;Espagne a f\u00e9licit\u00e9 la Mauritanie pour le succ\u00e8s remarquable obtenu par la 34\u00e8me session de la Conf\u00e9rence r\u00e9gionale pour l&#8217;Afrique de l&#8217;Organisation des Nations Unies pour l&#8217;alimentation et l&#8217;agriculture (FAO), outre le Forum international de l&#8217;alimentation organis\u00e9 en marge, soulignant la disposition de son pays \u00e0 suivre le rythme des efforts de d\u00e9veloppement observ\u00e9s par la Mauritanie, notamment dans les domaines de l&#8217;agriculture et de la s\u00e9curit\u00e9 alimentaire.<\/p>\n<p>La r\u00e9union s&#8217;est d\u00e9roul\u00e9e en pr\u00e9sence du secr\u00e9taire g\u00e9n\u00e9ral du minist\u00e8re, M. Ahmed Salem Al-Arabi, et du directeur de la programmation, de la coop\u00e9ration et des statistiques, M. Abdullah Bab Ziyad.<\/p>\n<\/div>\n<\/div>\n<\/div>\n","protected":false},"excerpt":{"rendered":"<p>Le ministre de l&#8217;Agriculture et de la Souverainet\u00e9 alimentaire, M. Mohamedou Ahmadou Mhimid, a re\u00e7u aujourd&#8217;hui mardi, dans son bureau \u00e0 Nouakchott, Son Excellence l&#8217;ambassadeur du Royaume d&#8217;Espagne accr\u00e9dit\u00e9 en Mauritanie, M. Pablo B\u00e1rbara Comez. La rencontre a \u00e9t\u00e9 l&#8217;occasion de passer en revue les relations de coop\u00e9ration existantes entre la Mauritanie et l&#8217;Espagne, notamment [&hellip;]<\/p>\n","protected":false},"author":8,"featured_media":293688,"comment_status":"open","ping_status":"open","sticky":false,"template":"","format":"standard","meta":{"footnotes":""},"categories":[63918,63957],"tags":[],"class_list":["post-293687","post","type-post","status-publish","format-standard","has-post-thumbnail","hentry","category-autres","category-fil-dactualite"],"_links":{"self":[{"href":"https:\/\/ami.mr\/fr\/wp-json\/wp\/v2\/posts\/293687","targetHints":{"allow":["GET"]}}],"collection":[{"href":"https:\/\/ami.mr\/fr\/wp-json\/wp\/v2\/posts"}],"about":[{"href":"https:\/\/ami.mr\/fr\/wp-json\/wp\/v2\/types\/post"}],"author":[{"embeddable":true,"href":"https:\/\/ami.mr\/fr\/wp-json\/wp\/v2\/users\/8"}],"replies":[{"embeddable":true,"href":"https:\/\/ami.mr\/fr\/wp-json\/wp\/v2\/comments?post=293687"}],"version-history":[{"count":1,"href":"https:\/\/ami.mr\/fr\/wp-json\/wp\/v2\/posts\/293687\/revisions"}],"predecessor-version":[{"id":293689,"href":"https:\/\/ami.mr\/fr\/wp-json\/wp\/v2\/posts\/293687\/revisions\/293689"}],"wp:featuredmedia":[{"embeddable":true,"href":"https:\/\/ami.mr\/fr\/wp-json\/wp\/v2\/media\/293688"}],"wp:attachment":[{"href":"https:\/\/ami.mr\/fr\/wp-json\/wp\/v2\/media?parent=293687"}],"wp:term":[{"taxonomy":"category","embeddable":true,"href":"https:\/\/ami.mr\/fr\/wp-json\/wp\/v2\/categories?post=293687"},{"taxonomy":"post_tag","embeddable":true,"href":"https:\/\/ami.mr\/fr\/wp-json\/wp\/v2\/tags?post=293687"}],"curies":[{"name":"wp","href":"https:\/\/api.w.org\/{rel}","templated":true}]}}