{"id":293681,"date":"2026-04-21T18:35:47","date_gmt":"2026-04-21T18:35:47","guid":{"rendered":"https:\/\/ami.mr\/fr\/?p=293681"},"modified":"2026-04-21T18:35:47","modified_gmt":"2026-04-21T18:35:47","slug":"trarza-cloture-dun-atelier-regional-au-profit-des-cooperatives-agricoles-de-la-commune-de-mbalal","status":"publish","type":"post","link":"https:\/\/ami.mr\/fr\/archives\/293681","title":{"rendered":"Trarza: Cl\u00f4ture d&#8217;un atelier r\u00e9gional au profit des coop\u00e9ratives agricoles de la commune de Mbalal"},"content":{"rendered":"<div class=\"row\"><\/div>\n<div class=\"row\">\n<div class=\"cell auto-size\">\n<div class=\"set-border bd-gray padding10 margin10 no-margin-right no-margin-left \" dir=\"ltr\">\n<p>Le wali adjoint du Trarza, M. Sidi Mohamed Abdallahi Al-Bounani, a supervis\u00e9 mardi, dans la ville de Rosso, la cl\u00f4ture de l&#8217;atelier r\u00e9gional de deux jours organis\u00e9 par le Projet d&#8217;appui au d\u00e9veloppement et \u00e0 l&#8217;innovation dans le secteur agricole en Mauritanie (PADISAM), au profit d&#8217;un certain nombre de coop\u00e9ratives agricoles, d&#8217;autorit\u00e9s locales, de chefs d\u2019entreprises et d&#8217;acteurs int\u00e9ress\u00e9s par le secteur agricole au niveau de la commune de Mbalal, dans la moughataa de keur-Mac\u00e8ne.<\/p>\n<p>M. Le wali adjoint a indiqu\u00e9 que cet atelier constitue une \u00e9tape importante dans le processus de mise en \u0153uvre du m\u00e9canisme de financement adopt\u00e9 par le projet, apr\u00e8s l&#8217;\u00e9tape de r\u00e9ception des demandes de sous-projets, qui a connu une participation significative des citoyens et des autorit\u00e9s locales de la municipalit\u00e9 de Mbalal.<\/p>\n<p>Il a ajout\u00e9 que l&#8217;atelier vise \u00e0 former des comit\u00e9s charg\u00e9s de s\u00e9lectionner les dossiers, de g\u00e9rer les plaintes et de traiter les demandes de financement selon les normes approuv\u00e9es, garantissant la transparence et l&#8217;efficacit\u00e9 dans le tri des projets m\u00e9ritant d&#8217;\u00eatre soutenus.<\/p>\n<p>Pour sa part, M. Nemine Ould Namine, responsable du Fonds d&#8217;appui participatif du projet PADISAM, a d\u00e9clar\u00e9 que le projet s&#8217;appuie sur un ensemble de m\u00e9canismes d&#8217;intervention visant \u00e0 promouvoir l&#8217;int\u00e9gration \u00e9conomique et le d\u00e9veloppement d&#8217;une agriculture commerciale globale, \u00e0 travers le financement des petites et moyennes entreprises du secteur agricole et le rythme de leurs activit\u00e9s.<\/p>\n<p>L\u2019atelier s\u2019est termin\u00e9 en pr\u00e9sence des conseillers du wali et de plusieurs chefs de d\u00e9partements r\u00e9gionaux de la wilaya.<\/p>\n<\/div>\n<\/div>\n<\/div>\n","protected":false},"excerpt":{"rendered":"<p>Le wali adjoint du Trarza, M. Sidi Mohamed Abdallahi Al-Bounani, a supervis\u00e9 mardi, dans la ville de Rosso, la cl\u00f4ture de l&#8217;atelier r\u00e9gional de deux jours organis\u00e9 par le Projet d&#8217;appui au d\u00e9veloppement et \u00e0 l&#8217;innovation dans le secteur agricole en Mauritanie (PADISAM), au profit d&#8217;un certain nombre de coop\u00e9ratives agricoles, d&#8217;autorit\u00e9s locales, de chefs [&hellip;]<\/p>\n","protected":false},"author":8,"featured_media":293682,"comment_status":"open","ping_status":"open","sticky":false,"template":"","format":"standard","meta":{"footnotes":""},"categories":[63918,63957],"tags":[],"class_list":["post-293681","post","type-post","status-publish","format-standard","has-post-thumbnail","hentry","category-autres","category-fil-dactualite"],"_links":{"self":[{"href":"https:\/\/ami.mr\/fr\/wp-json\/wp\/v2\/posts\/293681","targetHints":{"allow":["GET"]}}],"collection":[{"href":"https:\/\/ami.mr\/fr\/wp-json\/wp\/v2\/posts"}],"about":[{"href":"https:\/\/ami.mr\/fr\/wp-json\/wp\/v2\/types\/post"}],"author":[{"embeddable":true,"href":"https:\/\/ami.mr\/fr\/wp-json\/wp\/v2\/users\/8"}],"replies":[{"embeddable":true,"href":"https:\/\/ami.mr\/fr\/wp-json\/wp\/v2\/comments?post=293681"}],"version-history":[{"count":1,"href":"https:\/\/ami.mr\/fr\/wp-json\/wp\/v2\/posts\/293681\/revisions"}],"predecessor-version":[{"id":293683,"href":"https:\/\/ami.mr\/fr\/wp-json\/wp\/v2\/posts\/293681\/revisions\/293683"}],"wp:featuredmedia":[{"embeddable":true,"href":"https:\/\/ami.mr\/fr\/wp-json\/wp\/v2\/media\/293682"}],"wp:attachment":[{"href":"https:\/\/ami.mr\/fr\/wp-json\/wp\/v2\/media?parent=293681"}],"wp:term":[{"taxonomy":"category","embeddable":true,"href":"https:\/\/ami.mr\/fr\/wp-json\/wp\/v2\/categories?post=293681"},{"taxonomy":"post_tag","embeddable":true,"href":"https:\/\/ami.mr\/fr\/wp-json\/wp\/v2\/tags?post=293681"}],"curies":[{"name":"wp","href":"https:\/\/api.w.org\/{rel}","templated":true}]}}