{"id":293649,"date":"2026-04-21T13:35:36","date_gmt":"2026-04-21T13:35:36","guid":{"rendered":"https:\/\/ami.mr\/fr\/?p=293649"},"modified":"2026-04-21T13:35:36","modified_gmt":"2026-04-21T13:35:36","slug":"demarrage-des-etats-generaux-de-la-modernisation-de-la-securite-sociale-contributive","status":"publish","type":"post","link":"https:\/\/ami.mr\/fr\/archives\/293649","title":{"rendered":"D\u00e9marrage des \u00e9tats g\u00e9n\u00e9raux de la modernisation de la s\u00e9curit\u00e9 sociale contributive"},"content":{"rendered":"<div class=\"cell size-p10 padding20 no-padding-left no-padding-right no-padding-bottom\"><\/div>\n<div class=\"cell auto-size\">\n<div class=\"set-border bd-gray padding10 margin10 no-margin-right no-margin-left \" dir=\"ltr\">\n<p>Son Excellence la Ministre de la Fonction publique et du Travail, Mme. Marieme Mint Boydiel Houmeid, a supervis\u00e9 ce mardi, \u00e0 Nouakchott, le d\u00e9marrage des travaux des \u00e9tats g\u00e9n\u00e9raux sur la modernisation de la s\u00e9curit\u00e9 sociale contributive.<\/p>\n<p>L&#8217;organisation de cet \u00e9v\u00e9nement est une \u00e9tape majeure pour un dialogue s\u00e9rieux et une concertation responsable, incarnant un engagement national commun visant \u00e0 servir la patrie et \u00e0 am\u00e9liorer le bien-\u00eatre des citoyens.<\/p>\n<p>Ces \u00e9tats g\u00e9n\u00e9raux, qui se poursuivront pendant trois jours, visent \u00e0 \u00e9largir la couverture sociale, \u00e0 am\u00e9liorer la qualit\u00e9 des services offerts, \u00e0 renforcer la gouvernance et \u00e0 ancrer les principes de transparence, ainsi qu&#8217;\u00e0 garantir la durabilit\u00e9 financi\u00e8re du syst\u00e8me de s\u00e9curit\u00e9 sociale \u00e0 long terme.<\/p>\n<p>Dans son discours \u00e0 cette occasion, la ministre a affirm\u00e9 que l&#8217;organisation de ces \u00e9tats g\u00e9n\u00e9raux refl\u00e8te la volont\u00e9 de Son Excellence le Pr\u00e9sident de la R\u00e9publique, M. Mohamed Ould Cheikh El Ghazouani, d\u00e9clin\u00e9e dans le programme \u00ab Mon ambition pour la patrie \u00bb, visant \u00e0 \u00e9tablir un syst\u00e8me de s\u00e9curit\u00e9 sociale solide capable de jouer pleinement son r\u00f4le dans le renforcement de la solidarit\u00e9 nationale et de r\u00e9duire de mani\u00e8re durable les manifestations de pauvret\u00e9 et d&#8217;exclusion.<\/p>\n<p>Elle a ajout\u00e9 que le gouvernement conduit par Son Excellence le Premier ministre, M. El Moctar Ould Djay, continue de travailler avec d\u00e9termination pour concr\u00e9tiser cette vision, en pla\u00e7ant la justice sociale au c\u0153ur des politiques publiques.<\/p>\n<p>La ministre a expliqu\u00e9 que le secteur de la Fonction publique et du Travail, conscient de l&#8217;ampleur des d\u00e9fis, a commenc\u00e9 depuis l&#8217;ann\u00e9e derni\u00e8re \u00e0 pr\u00e9parer un ensemble d&#8217;\u00e9tudes diagnostiques et prospectives qui ont constitu\u00e9 une r\u00e9f\u00e9rence importante pour orienter le processus de r\u00e9forme, incluant en particulier la modernisation du syst\u00e8me de s\u00e9curit\u00e9 sociale, la r\u00e9alisation d&#8217;une \u00e9tude actuarielle sur le syst\u00e8me de retraite dans le secteur public, la pr\u00e9paration du dossier national sur la s\u00e9curit\u00e9 et la sant\u00e9 au travail, la r\u00e9vision du salaire minimum, ainsi que le renforcement du syst\u00e8me de donn\u00e9es et de statistiques.<\/p>\n<p>Pour sa part, la directrice r\u00e9gionale pour l&#8217;Afrique de l&#8217;Organisation internationale du Travail, Mme. Fanfan Rwanyindo Kayirangwa, a salu\u00e9 les progr\u00e8s r\u00e9alis\u00e9s par la Mauritanie dans le domaine de la protection sociale, notant que les r\u00e9sultats de l&#8217;enqu\u00eate r\u00e9alis\u00e9e avec le soutien de l&#8217;organisation ont montr\u00e9 une am\u00e9lioration significative des indicateurs de l&#8217;objectif (1.3) des Objectifs de D\u00e9veloppement Durable, soulignant que le pourcentage de la population couverte par la protection sociale est pass\u00e9 de 11,6 % en 2019 \u00e0 23,1 % en 2024, avec une am\u00e9lioration notable de la couverture des enfants et de la prise en charge des groupes vuln\u00e9rables, ce qui refl\u00e8te une dynamique positive qui commence \u00e0 porter ses fruits.<\/p>\n<p>Dans ce m\u00eame contexte, le Pr\u00e9sident de l&#8217;Union nationale du Patronat mauritanien, M. Mohamed Zein El Abidine Ould Cheikh Ahmed, a r\u00e9affirm\u00e9 la disponibilit\u00e9 du Patronat \u00e0 contribuer activement aux travaux de ces \u00e9tats g\u00e9n\u00e9raux, en raison de son r\u00f4le dans le soutien \u00e0 la stabilit\u00e9 et \u00e0 l&#8217;efficacit\u00e9 du syst\u00e8me de s\u00e9curit\u00e9 sociale, qui a un impact direct sur le climat des affaires et sa capacit\u00e9 \u00e0 cr\u00e9er des emplois.<\/p>\n<p>De son c\u00f4t\u00e9, le Pr\u00e9sident de l&#8217;Union des travailleurs de Mauritanie, M. El Kory Abd El Mouly, a soulign\u00e9 que la s\u00e9curit\u00e9 sociale n&#8217;est plus seulement un m\u00e9canisme de protection, mais est devenue un pilier essentiel pour atteindre la stabilit\u00e9 sociale et le d\u00e9veloppement durable, et un outil efficace pour faire face \u00e0 la vuln\u00e9rabilit\u00e9, \u00e0 la pauvret\u00e9 et \u00e0 l&#8217;exclusion, affirmant que l&#8217;organisation de ces \u00e9tats g\u00e9n\u00e9raux refl\u00e8te une prise de conscience collective de l&#8217;importance du dialogue dans le d\u00e9veloppement de politiques plus efficaces et inclusives.<\/p>\n<p>Le d\u00e9marrage des travaux s&#8217;est d\u00e9roul\u00e9 en pr\u00e9sence de Son Excellence le ministre de la Sant\u00e9, M. Tidjani Thiam, de Son Excellence le d\u00e9l\u00e9gu\u00e9 g\u00e9n\u00e9ral \u00e0 la solidarit\u00e9 nationale et \u00e0 la lutte contre l&#8217;exclusion, M. Sidi Ould Moulaye Zeine, du wali de Nouakchott Ouest, M. Hamoud Ould Mhamed, du hakem et du maire de Tevragh-Zeina, ainsi que de plusieurs cadres du minist\u00e8re de la Fonction publique et du Travail.<\/p>\n<\/div>\n<\/div>\n","protected":false},"excerpt":{"rendered":"<p>Son Excellence la Ministre de la Fonction publique et du Travail, Mme. Marieme Mint Boydiel Houmeid, a supervis\u00e9 ce mardi, \u00e0 Nouakchott, le d\u00e9marrage des travaux des \u00e9tats g\u00e9n\u00e9raux sur la modernisation de la s\u00e9curit\u00e9 sociale contributive. L&#8217;organisation de cet \u00e9v\u00e9nement est une \u00e9tape majeure pour un dialogue s\u00e9rieux et une concertation responsable, incarnant un [&hellip;]<\/p>\n","protected":false},"author":18,"featured_media":293650,"comment_status":"open","ping_status":"open","sticky":false,"template":"","format":"standard","meta":{"footnotes":""},"categories":[63920,63957,63959],"tags":[],"class_list":["post-293649","post","type-post","status-publish","format-standard","has-post-thumbnail","hentry","category-a-la-une","category-fil-dactualite","category-mauritanie"],"_links":{"self":[{"href":"https:\/\/ami.mr\/fr\/wp-json\/wp\/v2\/posts\/293649","targetHints":{"allow":["GET"]}}],"collection":[{"href":"https:\/\/ami.mr\/fr\/wp-json\/wp\/v2\/posts"}],"about":[{"href":"https:\/\/ami.mr\/fr\/wp-json\/wp\/v2\/types\/post"}],"author":[{"embeddable":true,"href":"https:\/\/ami.mr\/fr\/wp-json\/wp\/v2\/users\/18"}],"replies":[{"embeddable":true,"href":"https:\/\/ami.mr\/fr\/wp-json\/wp\/v2\/comments?post=293649"}],"version-history":[{"count":1,"href":"https:\/\/ami.mr\/fr\/wp-json\/wp\/v2\/posts\/293649\/revisions"}],"predecessor-version":[{"id":293651,"href":"https:\/\/ami.mr\/fr\/wp-json\/wp\/v2\/posts\/293649\/revisions\/293651"}],"wp:featuredmedia":[{"embeddable":true,"href":"https:\/\/ami.mr\/fr\/wp-json\/wp\/v2\/media\/293650"}],"wp:attachment":[{"href":"https:\/\/ami.mr\/fr\/wp-json\/wp\/v2\/media?parent=293649"}],"wp:term":[{"taxonomy":"category","embeddable":true,"href":"https:\/\/ami.mr\/fr\/wp-json\/wp\/v2\/categories?post=293649"},{"taxonomy":"post_tag","embeddable":true,"href":"https:\/\/ami.mr\/fr\/wp-json\/wp\/v2\/tags?post=293649"}],"curies":[{"name":"wp","href":"https:\/\/api.w.org\/{rel}","templated":true}]}}