{"id":293624,"date":"2026-04-20T22:26:16","date_gmt":"2026-04-20T22:26:16","guid":{"rendered":"https:\/\/ami.mr\/fr\/?p=293624"},"modified":"2026-04-20T22:26:16","modified_gmt":"2026-04-20T22:26:16","slug":"la-mauritanie-apprecie-les-efforts-des-emirats-arabes-unis-dans-le-demantelement-dune-cellule-terroriste-et-lui-affirme-sa-solidarite","status":"publish","type":"post","link":"https:\/\/ami.mr\/fr\/archives\/293624","title":{"rendered":"La Mauritanie appr\u00e9cie les efforts des \u00c9mirats arabes unis dans le d\u00e9mant\u00e8lement d\u2019une cellule terroriste et lui affirme sa solidarit\u00e9"},"content":{"rendered":"<p>Le minist\u00e8re des Affaires \u00e9trang\u00e8res, de la Coop\u00e9ration africaine et des Mauritaniens de l\u2019ext\u00e9rieur a salu\u00e9 les mesures s\u00e9curitaires mises en \u0153uvre par les \u00c9mirats arabes unis, ayant conduit au d\u00e9mant\u00e8lement d\u2019une cellule terroriste et \u00e0 l\u2019arrestation de ses membres.<br \/>\nDans un communiqu\u00e9 dont une copie est parvenue \u00e0 l\u2019Agence mauritanienne d\u2019information, le minist\u00e8re a indiqu\u00e9 que la R\u00e9publique islamique de Mauritanie exprime sa pleine solidarit\u00e9 avec les \u00c9mirats arabes unis dans leurs efforts visant \u00e0 pr\u00e9server leur s\u00e9curit\u00e9 et \u00e0 consolider leur stabilit\u00e9.<\/p>\n<p>Voici le texte du communiqu\u00e9 :<\/p>\n<p>\u00ab Le minist\u00e8re des Affaires \u00e9trang\u00e8res, de la Coop\u00e9ration africaine et des Mauritaniens de l\u2019ext\u00e9rieur exprime son appr\u00e9ciation des mesures s\u00e9curitaires prises par les \u00c9mirats arabes unis fr\u00e8res le 20 avril 2026, lesquelles ont permis le d\u00e9mant\u00e8lement d\u2019un groupe terroriste et l\u2019arrestation de ses \u00e9l\u00e9ments.<br \/>\nIl salue la vigilance et l\u2019efficacit\u00e9 des services de s\u00e9curit\u00e9 \u00e9miratis, tout en affirmant sa pleine solidarit\u00e9 avec les \u00c9mirats arabes unis dans la protection de leur s\u00e9curit\u00e9 et de leur stabilit\u00e9.<br \/>\nIl r\u00e9it\u00e8re \u00e9galement son rejet cat\u00e9gorique du terrorisme sous toutes ses formes, ainsi que son soutien aux efforts visant \u00e0 le combattre et \u00e0 renforcer la s\u00e9curit\u00e9 dans la r\u00e9gion.<\/p>\n<p>Nouakchott, le 20 avril 2026. \u00bb<\/p>\n","protected":false},"excerpt":{"rendered":"<p>Le minist\u00e8re des Affaires \u00e9trang\u00e8res, de la Coop\u00e9ration africaine et des Mauritaniens de l\u2019ext\u00e9rieur a salu\u00e9 les mesures s\u00e9curitaires mises en \u0153uvre par les \u00c9mirats arabes unis, ayant conduit au d\u00e9mant\u00e8lement d\u2019une cellule terroriste et \u00e0 l\u2019arrestation de ses membres. Dans un communiqu\u00e9 dont une copie est parvenue \u00e0 l\u2019Agence mauritanienne d\u2019information, le minist\u00e8re a [&hellip;]<\/p>\n","protected":false},"author":57,"featured_media":293625,"comment_status":"open","ping_status":"open","sticky":false,"template":"","format":"standard","meta":{"footnotes":""},"categories":[63920,63957,63959],"tags":[],"class_list":["post-293624","post","type-post","status-publish","format-standard","has-post-thumbnail","hentry","category-a-la-une","category-fil-dactualite","category-mauritanie"],"_links":{"self":[{"href":"https:\/\/ami.mr\/fr\/wp-json\/wp\/v2\/posts\/293624","targetHints":{"allow":["GET"]}}],"collection":[{"href":"https:\/\/ami.mr\/fr\/wp-json\/wp\/v2\/posts"}],"about":[{"href":"https:\/\/ami.mr\/fr\/wp-json\/wp\/v2\/types\/post"}],"author":[{"embeddable":true,"href":"https:\/\/ami.mr\/fr\/wp-json\/wp\/v2\/users\/57"}],"replies":[{"embeddable":true,"href":"https:\/\/ami.mr\/fr\/wp-json\/wp\/v2\/comments?post=293624"}],"version-history":[{"count":1,"href":"https:\/\/ami.mr\/fr\/wp-json\/wp\/v2\/posts\/293624\/revisions"}],"predecessor-version":[{"id":293626,"href":"https:\/\/ami.mr\/fr\/wp-json\/wp\/v2\/posts\/293624\/revisions\/293626"}],"wp:featuredmedia":[{"embeddable":true,"href":"https:\/\/ami.mr\/fr\/wp-json\/wp\/v2\/media\/293625"}],"wp:attachment":[{"href":"https:\/\/ami.mr\/fr\/wp-json\/wp\/v2\/media?parent=293624"}],"wp:term":[{"taxonomy":"category","embeddable":true,"href":"https:\/\/ami.mr\/fr\/wp-json\/wp\/v2\/categories?post=293624"},{"taxonomy":"post_tag","embeddable":true,"href":"https:\/\/ami.mr\/fr\/wp-json\/wp\/v2\/tags?post=293624"}],"curies":[{"name":"wp","href":"https:\/\/api.w.org\/{rel}","templated":true}]}}