{"id":293592,"date":"2026-04-20T18:38:09","date_gmt":"2026-04-20T18:38:09","guid":{"rendered":"https:\/\/ami.mr\/fr\/?p=293592"},"modified":"2026-04-20T18:38:09","modified_gmt":"2026-04-20T18:38:09","slug":"le-president-de-la-republique-regagne-nouakchott-26","status":"publish","type":"post","link":"https:\/\/ami.mr\/fr\/archives\/293592","title":{"rendered":"Le Pr\u00e9sident de la R\u00e9publique regagne Nouakchott"},"content":{"rendered":"<div class=\"row\"><\/div>\n<div class=\"row\">\n<div class=\"cell auto-size\">\n<div class=\"set-border bd-gray padding10 margin10 no-margin-right no-margin-left \" dir=\"ltr\">\n<p>Son Excellence le Pr\u00e9sident de la R\u00e9publique, Monsieur Mohamed Ould Cheikh El Ghazouani, est rentr\u00e9, lundi \u00e0 Nouakchott, en provenance de Dakar, capitale s\u00e9n\u00e9galaise, apr\u00e8s avoir particip\u00e9 \u00e0 la dixi\u00e8me \u00e9dition du Forum international de Dakar sur la paix et la s\u00e9curit\u00e9 en Afrique, sur invitation du Pr\u00e9sident s\u00e9n\u00e9galais, Son Excellence, Monsieur Bassirou Diomaye Faye.<\/p>\n<p>\u00c0 son arriv\u00e9e \u00e0 l&#8217;a\u00e9roport international de Nouakchott Oumtouny, Son Excellence le Pr\u00e9sident de la R\u00e9publique a \u00e9t\u00e9 accueilli par le Premier ministre, Monsieur Moctar Ould Djay, les ministres conseillers \u00e0 la Pr\u00e9sidence de la R\u00e9publique, M. Mohamed Mahmoud Ould Cheikh Abdoullah Ould Boya et Mme A\u00efssata Ba Yahya, le ministre de la Justice, M. Mohamed Ould Soueidatt, le ministre des Affaires \u00c9trang\u00e8res, de la Coop\u00e9ration Africaine et des Mauritaniens de l&#8217;Ext\u00e9rieur, M. Mohamed Salem Ould Merzoug, le ministre de l&#8217;Int\u00e9rieur, de la D\u00e9centralisation et du D\u00e9veloppement Local, M. Mohamed Ahmed Ould Mohamed Lemine, le Chef d&#8217;\u00c9tat-Major Particulier du Pr\u00e9sident de la R\u00e9publique, le g\u00e9n\u00e9ral de division Mohamed El Mokhtar Cheikh Ould Emmenni, le wali de Nouakchott Ouest, M. Hammoud Ould M&#8217;hamed, et la vice-pr\u00e9sidente de la r\u00e9gion de Nouakchott, Mme Hawa Sidib\u00e9.<\/p>\n<p>Son Excellence le Pr\u00e9sident de la R\u00e9publique \u00e9tait accompagn\u00e9 par une importante d\u00e9l\u00e9gation comprenant les personnalit\u00e9s suivantes :<\/p>\n<p>&#8211; M. Nani Ould Chrougha, ministre charg\u00e9 de cabinet du Pr\u00e9sident de la R\u00e9publique,<\/p>\n<p>&#8211; M. Hanenna Ould Sidi, ministre de la D\u00e9fense, des Retrait\u00e9s et des Enfants de Martyrs,<\/p>\n<p>&#8211; M. Mohamed Abdallahi Ould Outhmane, ambassadeur de Mauritanie accr\u00e9dit\u00e9 \u00e0 Dakar,<\/p>\n<p>&#8211; M. Emmemme Ould Be\u00efbate, conseiller \u00e0 la Pr\u00e9sidence de la R\u00e9publique,<\/p>\n<p>&#8211; Mme Lalya Kamara, conseill\u00e8re \u00e0 la Pr\u00e9sidence de la R\u00e9publique,<\/p>\n<p>&#8211; M. Cheikh Ould Bedda, conseiller \u00e0 la Pr\u00e9sidence de la R\u00e9publique,<\/p>\n<p>&#8211; M. El Hassen Ould Ahmed, directeur g\u00e9n\u00e9ral du Protocole d&#8217;\u00c9tat.<\/p>\n<\/div>\n<\/div>\n<\/div>\n","protected":false},"excerpt":{"rendered":"<p>Son Excellence le Pr\u00e9sident de la R\u00e9publique, Monsieur Mohamed Ould Cheikh El Ghazouani, est rentr\u00e9, lundi \u00e0 Nouakchott, en provenance de Dakar, capitale s\u00e9n\u00e9galaise, apr\u00e8s avoir particip\u00e9 \u00e0 la dixi\u00e8me \u00e9dition du Forum international de Dakar sur la paix et la s\u00e9curit\u00e9 en Afrique, sur invitation du Pr\u00e9sident s\u00e9n\u00e9galais, Son Excellence, Monsieur Bassirou Diomaye Faye. [&hellip;]<\/p>\n","protected":false},"author":8,"featured_media":293594,"comment_status":"open","ping_status":"open","sticky":false,"template":"","format":"standard","meta":{"footnotes":""},"categories":[63957,25,63921,63926],"tags":[],"class_list":["post-293592","post","type-post","status-publish","format-standard","has-post-thumbnail","hentry","category-fil-dactualite","category-25","category-slider-afficher","category-slider-general"],"_links":{"self":[{"href":"https:\/\/ami.mr\/fr\/wp-json\/wp\/v2\/posts\/293592","targetHints":{"allow":["GET"]}}],"collection":[{"href":"https:\/\/ami.mr\/fr\/wp-json\/wp\/v2\/posts"}],"about":[{"href":"https:\/\/ami.mr\/fr\/wp-json\/wp\/v2\/types\/post"}],"author":[{"embeddable":true,"href":"https:\/\/ami.mr\/fr\/wp-json\/wp\/v2\/users\/8"}],"replies":[{"embeddable":true,"href":"https:\/\/ami.mr\/fr\/wp-json\/wp\/v2\/comments?post=293592"}],"version-history":[{"count":1,"href":"https:\/\/ami.mr\/fr\/wp-json\/wp\/v2\/posts\/293592\/revisions"}],"predecessor-version":[{"id":293595,"href":"https:\/\/ami.mr\/fr\/wp-json\/wp\/v2\/posts\/293592\/revisions\/293595"}],"wp:featuredmedia":[{"embeddable":true,"href":"https:\/\/ami.mr\/fr\/wp-json\/wp\/v2\/media\/293594"}],"wp:attachment":[{"href":"https:\/\/ami.mr\/fr\/wp-json\/wp\/v2\/media?parent=293592"}],"wp:term":[{"taxonomy":"category","embeddable":true,"href":"https:\/\/ami.mr\/fr\/wp-json\/wp\/v2\/categories?post=293592"},{"taxonomy":"post_tag","embeddable":true,"href":"https:\/\/ami.mr\/fr\/wp-json\/wp\/v2\/tags?post=293592"}],"curies":[{"name":"wp","href":"https:\/\/api.w.org\/{rel}","templated":true}]}}