{"id":293580,"date":"2026-04-20T17:17:09","date_gmt":"2026-04-20T17:17:09","guid":{"rendered":"https:\/\/ami.mr\/fr\/?p=293580"},"modified":"2026-04-20T17:17:09","modified_gmt":"2026-04-20T17:17:09","slug":"le-president-de-la-republique-devant-le-forum-sur-la-paix-et-la-securite-en-afrique-la-stabilite-du-continent-depend-de-sa-capacite-a-construire-des-mecanismes-daction-collective-et-de-coordinatio","status":"publish","type":"post","link":"https:\/\/ami.mr\/fr\/archives\/293580","title":{"rendered":"Le Pr\u00e9sident de la R\u00e9publique devant le Forum sur la Paix et la S\u00e9curit\u00e9 en Afrique : la stabilit\u00e9 du continent d\u00e9pend de sa capacit\u00e9 \u00e0 construire des m\u00e9canismes d&#8217;action collective et de coordination efficace"},"content":{"rendered":"<div class=\"row\"><\/div>\n<div class=\"row\">\n<div class=\"cell auto-size\">\n<div class=\"set-border bd-gray padding10 margin10 no-margin-right no-margin-left \" dir=\"ltr\">\n<p>Son Excellence le Pr\u00e9sident de la R\u00e9publique, M. Mohamed Ould Cheikh El Ghazouani, a exprim\u00e9 sa grande satisfaction de participer au 10\u00e8me Forum international sur la Paix et la S\u00e9curit\u00e9 en Afrique, \u00e0 Dakar, soulignant que ce forum est devenu, au fil de ses sessions, un espace privil\u00e9gi\u00e9 de r\u00e9flexion, de dialogue et d&#8217;\u00e9change de points de vue, et a contribu\u00e9 \u00e0 renforcer la conviction que l&#8217;Afrique doit, par le dialogue, la recherche et l&#8217;innovation, \u00e9laborer ses propres solutions pour relever ses d\u00e9fis.<\/p>\n<p>Son Excellence le Pr\u00e9sident de la R\u00e9publique a ajout\u00e9, dans un discours prononc\u00e9 devant les participants au 10\u00e8me Forum international sur la Paix et la S\u00e9curit\u00e9 en Afrique, qui s&#8217;est tenu ce lundi dans la capitale s\u00e9n\u00e9galaise, Dakar, que le th\u00e8me de la session &#8220;L&#8217;Afrique face aux d\u00e9fis de la stabilit\u00e9, de l&#8217;int\u00e9gration et de la souverainet\u00e9 : quelles solutions durables ?&#8221;, pose une question fondamentale : comment relever ces d\u00e9fis et atteindre notre objectif commun de construire une Afrique stable, int\u00e9gr\u00e9e et souveraine ?, soulignant que la stabilit\u00e9 du continent reste tributaire de sa capacit\u00e9 \u00e0 construire des m\u00e9canismes d&#8217;action collective et de coordination efficace, ce qui n\u00e9cessite de renforcer le r\u00f4le de l&#8217;Union africaine et de d\u00e9velopper ses outils juridiques et s\u00e9curitaires, tels que le syst\u00e8me d&#8217;alerte pr\u00e9coce et la Force africaine en attente.<\/p>\n<p>Voici l&#8217;int\u00e9gralit\u00e9 du discours prononc\u00e9 par Son Excellence le Pr\u00e9sident de la R\u00e9publique :<\/p>\n<p>&#8221; Monsieur le Pr\u00e9sident Bassirou Diomaye Diakhar Faye, Pr\u00e9sident de la R\u00e9publique du S\u00e9n\u00e9gal;<\/p>\n<p>Monsieur le Pr\u00e9sident Julius Maada Bio, Pr\u00e9sident de la R\u00e9publique de Sierra L\u00e9one;<\/p>\n<p>Monsieur le Premier ministre,<\/p>\n<p>Monsieur le Pr\u00e9sident de l\u2019Assembl\u00e9e Nationale<\/p>\n<p>Mesdames et Messieurs les chefs des institutions nationales au S\u00e9n\u00e9gal<\/p>\n<p>Mesdames et Messieurs les ministres<\/p>\n<p>Mesdames et Messieurs, honorables invit\u00e9s<\/p>\n<p>Je voudrais tout d\u2019abord adresser mes sinc\u00e8res remerciements \u00e0 mon fr\u00e8re Bassirou Diomaye Diakhar Faye, Pr\u00e9sident de la R\u00e9publique s\u0153ur du S\u00e9n\u00e9gal, pour son aimable invitation ainsi que pour l\u2019accueil chaleureux, l\u2019hospitalit\u00e9 g\u00e9n\u00e9reuse et les multiples marques d\u2019attention dont nous avons \u00e9t\u00e9 l\u2019objet et qui traduisent \u00e0 la fois la solidit\u00e9 des liens fraternels entre nos deux peuples et la chaleur l\u00e9gendaire de la T\u00e9ranga s\u00e9n\u00e9galaise.<\/p>\n<p>Je tiens \u00e9galement \u00e0 exprimer tout le plaisir qui est le mien, de prendre part au Forum international de Dakar. Au fil des \u00e9ditions, ce rendez-vous s\u2019est impos\u00e9 comme un cadre privil\u00e9gi\u00e9 de r\u00e9flexion strat\u00e9gique contribuant \u00e0 ancrer dans les esprits une conviction essentielle, celle de la n\u00e9cessite pour l\u2019Afrique de concevoir par le dialogue, la recherche et l\u2019innovation des r\u00e9ponses adapt\u00e9es \u00e0 ses propres d\u00e9fis.<\/p>\n<p>C\u2019est dans cette dynamique que s\u2019inscrit le th\u00e8me de cette 10e \u00e9dition : \u00ab l\u2019Afrique face aux d\u00e9fis de stabilit\u00e9, d\u2019int\u00e9gration et de souverainet\u00e9, quelles solutions durables ? \u00bb. Ce th\u00e8me, \u00e0 travers le mode sp\u00e9cifique de formulation choisi, nous dit incidemment que la question centrale, aujourd\u2019hui, n\u2019est pas celle de faire un \u00e9tat des lieux des d\u00e9fis li\u00e9s \u00e0 la stabilit\u00e9, \u00e0 l\u2019int\u00e9gration et \u00e0 la souverainet\u00e9 d\u00e9j\u00e0 largement document\u00e9s tant dans leurs d\u00e9terminants que dans leurs effets.<\/p>\n<p>La question qui nous est ainsi pos\u00e9e est claire : quelles sont les solutions envisageables pour relever ces d\u00e9fis et pour r\u00e9aliser notre objectif strat\u00e9gique commun ; construire une Afrique stable, int\u00e9gr\u00e9e et souveraine.<\/p>\n<p>Mesdames et Messieurs,<\/p>\n<p>La stabilit\u00e9 nous renvoie \u00e0 la capacit\u00e9 des \u00e9tats de pr\u00e9server leur coh\u00e9sion, leur \u00e9quilibre et leur fonctionnement r\u00e9gulier, malgr\u00e9 les perturbations conjoncturelles, sociales, politiques, \u00e9conomiques ou s\u00e9curitaires, internes ou externes. Or, force est de constater que cette capacit\u00e9 demeure, dans de nombreux cas, fragiles. Fractures sociales, tensions identitaires, d\u00e9ficit de gouvernance, ruptures institutionnelles, vuln\u00e9rabilit\u00e9s \u00e9conomiques, effets de changements climatiques et expansion de groupes arm\u00e9s non \u00e9tatiques, constituent autant de facteurs qui mettent \u00e0 rude \u00e9preuve la coh\u00e9sion de notre soci\u00e9t\u00e9 et parfois m\u00eame, la p\u00e9rennit\u00e9 de nos Etats.<\/p>\n<p>Face \u00e0 cette instabilit\u00e9 end\u00e9mique, qui hypoth\u00e8que toute possibilit\u00e9 de d\u00e9veloppement, une r\u00e9ponse exclusivement s\u00e9curitaire ne saurait suffire. C\u2019est pourquoi, une approche plus globale s\u2019impose. A cet \u00e9gard, plusieurs axes d\u2019actions apparaissent essentiels : am\u00e9liorer la gouvernance politique, \u00e9conomique et sociale ; apaiser la vie politique par le dialogue et le consensus ; renforcer l\u2019Etat de droit ; consolider des syst\u00e8mes d\u00e9mocratiques capables d\u2019assurer une alternance pacifique ; garantir un acc\u00e8s \u00e9quitable aux conditions de vie dignes ; garantir, dans l\u2019\u00e9quit\u00e9, l\u2019acc\u00e8s de tous \u00e0 des conditions de vie d\u00e9centes, conditions indispensables pour pr\u00e9venir les in\u00e9galit\u00e9s, les fragilit\u00e9s et les risques d\u2019instabilit\u00e9 et investir r\u00e9solument dans la jeunesse, \u00e0 travers l\u2019\u00e9ducation, la formation et l\u2019emploi.<\/p>\n<p>Cependant, au-del\u00e0 des strat\u00e9gies et des actions en \u0153uvre au niveau des Etats, une \u00e9vidence s\u2019impose. La stabilit\u00e9 du continent reste tributaire de notre capacit\u00e9 \u00e0 mettre en place des m\u00e9canismes d\u2019actions collectives et des dispositifs efficaces de coordination, de mutualisation de moyens et de mise en synergie des efforts. Dans cette optique, il est imp\u00e9ratif de consolider les m\u00e9canismes de coordination continentale, notamment \u00e0 travers l\u2019Union Africaine, en modernisant ses instruments juridiques, en renfor\u00e7ant son architecture de paix et de s\u00e9curit\u00e9, et en optimisant des dispositifs tels que le syst\u00e8me continental d\u2019alerte rapide ou la force africaine en attente.<\/p>\n<p>Toutefois, si la stabilit\u00e9 constitue un socle indispensable, elle ne saurait \u00eatre durable sans un second pilier fondamental : l\u2019int\u00e9gration africaine. En effet, dans un monde marqu\u00e9 par l\u2019intensification des interd\u00e9pendances, aucun \u00e9tat ne peut, isol\u00e9ment, relever les d\u00e9fis de la mondialisation, de la fragmentation des chaines de valeurs et des mutations g\u00e9opolitiques.<\/p>\n<p>Pour l\u2019Afrique, l\u2019int\u00e9gration n\u2019est donc pas une option, elle est une n\u00e9cessit\u00e9. A ce titre, la mise en \u0153uvre effective de la zone de libre-\u00e9change continentale africaine (Zlecaf), repr\u00e9sente une \u00e9tape d\u00e9cisive en favorisant le commerce intra-africain, en facilitant la circulation des biens, des services et des personnes. La Zlecaf constitue un levier majeur de transformation \u00e9conomique. N\u00e9anmoins, il convient de reconnaitre que la faiblesse du commerce intra-africain ne s\u2019explique pas uniquement par les barri\u00e8res tarifaires. Elle tient \u00e9galement \u00e0 des facteurs structurels, tels que le faible niveau d\u2019industrialisation, la faible diversification des \u00e9conomies et la pr\u00e9dominance des exportations de mati\u00e8re premi\u00e8re.<\/p>\n<p>D\u00e8s lors, l\u2019int\u00e9gration doit s\u2019accompagner d\u2019efforts soutenus en mati\u00e8re d\u2019industrialisation, de transformation locale, de diversification \u00e9conomique et l\u2019innovation technologique.<\/p>\n<p>Parall\u00e8lement, il demeure indispensable de d\u00e9velopper des infrastructures structurantes, \u00e9nerg\u00e9tiques, num\u00e9riques et de transport, de renforcer la coordination entre les communaut\u00e9s r\u00e9gionales et l\u2019Union Africaine et de promouvoir les initiatives sous-r\u00e9gionales d\u2019int\u00e9gration, \u00e0 l\u2019image de l\u2019Organisation pour la Mise en Valeur du Fleuve S\u00e9n\u00e9gal, qui illustre, de mani\u00e8re exemplaire, un mod\u00e8le de gestion concert\u00e9e et solidaire des ressources transfrontali\u00e8res.<\/p>\n<p>Je salue, \u00e0 cet \u00e9gard, le leadership de mon fr\u00e8re, son excellence le Pr\u00e9sident Diomaye Faye ainsi que son gouvernement men\u00e9 par Son Excellence le Premier ministre Ousmane Sonko, pour leur engagement et leur contribution \u00e0 la r\u00e9ussite exemplaire de cette organisation sous r\u00e9gionale de coop\u00e9ration, fond\u00e9e sur le respect mutuel et la solidarit\u00e9 est un mod\u00e8le pour l\u2019Afrique toute enti\u00e8re.<\/p>\n<p>Excellences,<\/p>\n<p>Mesdames et Messieurs,<\/p>\n<p>C\u2019est pr\u00e9cis\u00e9ment dans ces liens entre int\u00e9gration et transformation que se dessine notre troisi\u00e8me enjeu majeur, la souverainet\u00e9. La souverainet\u00e9 dans sa conception traditionnelle, entendue au sens de libert\u00e9 absolue de choisir et de d\u00e9cider sur son propre territoire, sans d\u00e9pendance ni pression ext\u00e9rieure, n\u2019est aujourd\u2019hui qu\u2019une simple notion th\u00e9orique. Il n\u2019y a pas une souverainet\u00e9 mais autant de souverainet\u00e9s que de niveaux de d\u00e9pendances envisageables : souverainet\u00e9 alimentaire ; souverainet\u00e9 \u00e9nerg\u00e9tique ; souverainet\u00e9 hydrique ; souverainet\u00e9 \u00e9conomique ; souverainet\u00e9 num\u00e9rique ; souverainet\u00e9 sanitaire, etc.<\/p>\n<p>Dans un monde marqu\u00e9 par des rapports de force et d\u2019influence, la souverainet\u00e9 ne peut plus \u00eatre comprise comme une ind\u00e9pendance absolue, d\u00e9sormais, largement illusoire. Elle r\u00e9side plut\u00f4t dans la capacit\u00e9 de nos Etats \u00e0 maitriser leur d\u00e9pendance et \u00e0 r\u00e9duire les vuln\u00e9rabilit\u00e9s et \u00e0 renforcer leur r\u00e9silience.<\/p>\n<p>Elle se mesure aussi par notre aptitude \u00e0 s\u00e9curiser nos ressources strat\u00e9gique et \u00e0 peser concr\u00e8tement sur les dynamiques internationales. Quand je dis ici, nous, je veux dire nous, Etats africains. Dans cette perspective, l\u2019int\u00e9gration africaine s\u2019impose comme levier central de souverainet\u00e9. En limitant les d\u00e9pendances ext\u00e9rieures, en renfor\u00e7ant les compl\u00e9mentarit\u00e9s r\u00e9gionales et en amplifiant la voix du continent sur la sc\u00e8ne internationale, l\u2019int\u00e9gration offre \u00e0 l\u2019Afrique les moyens de mieux d\u00e9fendre ses int\u00e9r\u00eats, de jouer un r\u00f4le plus affirm\u00e9 et de contribuer de mani\u00e8re plus significative \u00e0 la gouvernance mondiale.<\/p>\n<p>Ainsi, stabilit\u00e9, int\u00e9gration et souverainet\u00e9 ne doivent pas \u00eatre envisag\u00e9es s\u00e9par\u00e9ment. Elles constituent les trois dimensions indissociables d\u2019un m\u00eame projet historique pour l\u2019Afrique. C\u2019est \u00e0 cette condition, que les ambitions port\u00e9es par l\u2019Agenda 2063 pourront se concr\u00e9tiser : Une Afrique stable dans ses institutions, int\u00e9gr\u00e9e dans son \u00e9conomie et souveraine dans ses choix.<\/p>\n<p>Convaincu que nos \u00e9changes permettront d\u2019approfondir et d\u2019enrichir ces pistes de r\u00e9flexion, je voudrais, en conclusion, renouveler encore mes remerciements \u00e0 mon fr\u00e8re, Son Excellence le Pr\u00e9sident Bassirou Diomaye Faye et souhaiter plein succ\u00e8s, aux travaux de cette 10e \u00e9dition du Forum de Dakar.<\/p>\n<p>Je vous remercie.&#8221;<\/p>\n<\/div>\n<\/div>\n<\/div>\n","protected":false},"excerpt":{"rendered":"<p>Son Excellence le Pr\u00e9sident de la R\u00e9publique, M. Mohamed Ould Cheikh El Ghazouani, a exprim\u00e9 sa grande satisfaction de participer au 10\u00e8me Forum international sur la Paix et la S\u00e9curit\u00e9 en Afrique, \u00e0 Dakar, soulignant que ce forum est devenu, au fil de ses sessions, un espace privil\u00e9gi\u00e9 de r\u00e9flexion, de dialogue et d&#8217;\u00e9change de [&hellip;]<\/p>\n","protected":false},"author":8,"featured_media":293581,"comment_status":"open","ping_status":"open","sticky":false,"template":"","format":"standard","meta":{"footnotes":""},"categories":[63957,25,63921,63926],"tags":[],"class_list":["post-293580","post","type-post","status-publish","format-standard","has-post-thumbnail","hentry","category-fil-dactualite","category-25","category-slider-afficher","category-slider-general"],"_links":{"self":[{"href":"https:\/\/ami.mr\/fr\/wp-json\/wp\/v2\/posts\/293580","targetHints":{"allow":["GET"]}}],"collection":[{"href":"https:\/\/ami.mr\/fr\/wp-json\/wp\/v2\/posts"}],"about":[{"href":"https:\/\/ami.mr\/fr\/wp-json\/wp\/v2\/types\/post"}],"author":[{"embeddable":true,"href":"https:\/\/ami.mr\/fr\/wp-json\/wp\/v2\/users\/8"}],"replies":[{"embeddable":true,"href":"https:\/\/ami.mr\/fr\/wp-json\/wp\/v2\/comments?post=293580"}],"version-history":[{"count":1,"href":"https:\/\/ami.mr\/fr\/wp-json\/wp\/v2\/posts\/293580\/revisions"}],"predecessor-version":[{"id":293583,"href":"https:\/\/ami.mr\/fr\/wp-json\/wp\/v2\/posts\/293580\/revisions\/293583"}],"wp:featuredmedia":[{"embeddable":true,"href":"https:\/\/ami.mr\/fr\/wp-json\/wp\/v2\/media\/293581"}],"wp:attachment":[{"href":"https:\/\/ami.mr\/fr\/wp-json\/wp\/v2\/media?parent=293580"}],"wp:term":[{"taxonomy":"category","embeddable":true,"href":"https:\/\/ami.mr\/fr\/wp-json\/wp\/v2\/categories?post=293580"},{"taxonomy":"post_tag","embeddable":true,"href":"https:\/\/ami.mr\/fr\/wp-json\/wp\/v2\/tags?post=293580"}],"curies":[{"name":"wp","href":"https:\/\/api.w.org\/{rel}","templated":true}]}}