{"id":293570,"date":"2026-04-20T16:27:50","date_gmt":"2026-04-20T16:27:50","guid":{"rendered":"https:\/\/ami.mr\/fr\/?p=293570"},"modified":"2026-04-20T16:27:50","modified_gmt":"2026-04-20T16:27:50","slug":"le-president-de-la-republique-rencontre-la-vice-ministre-allemande-des-affaires-etrangeres","status":"publish","type":"post","link":"https:\/\/ami.mr\/fr\/archives\/293570","title":{"rendered":"Le Pr\u00e9sident de la R\u00e9publique rencontre la vice-ministre allemande des Affaires \u00e9trang\u00e8res"},"content":{"rendered":"<div class=\"row\">\n<div class=\"cell auto-size bd-gray\" dir=\"ltr\"><\/div>\n<\/div>\n<div class=\"row\">\n<div class=\"cell auto-size\">\n<div class=\"set-border bd-gray padding10 margin10 no-margin-right no-margin-left \" dir=\"ltr\">\n<p>Son Excellence le Pr\u00e9sident de la R\u00e9publique, Monsieur Mohamed Ould Cheikh El Ghazouani, a rencontr\u00e9, ce lundi, \u00e0 Dakar, la vice-ministre allemande des Affaires \u00e9trang\u00e8res, Mme Serap G\u00fcler, en marge de la dixi\u00e8me \u00e9dition du Forum international sur la paix et la s\u00e9curit\u00e9 en Afrique.<\/p>\n<p>La rencontre s\u2019est d\u00e9roul\u00e9e en pr\u00e9sence du ministre charg\u00e9 du Cabinet du Pr\u00e9sident de la R\u00e9publique, M. Nani Ould Chrougha, du ministre de la D\u00e9fense et des Affaires des retrait\u00e9s et des enfants de martyrs, M. Hanena Ould Sidi, ainsi que de l\u2019ambassadeur de Mauritanie \u00e0 Dakar, Son Excellence M. Mohamed Abdallahi Ould Othmane.<\/p>\n<\/div>\n<\/div>\n<\/div>\n","protected":false},"excerpt":{"rendered":"<p>Son Excellence le Pr\u00e9sident de la R\u00e9publique, Monsieur Mohamed Ould Cheikh El Ghazouani, a rencontr\u00e9, ce lundi, \u00e0 Dakar, la vice-ministre allemande des Affaires \u00e9trang\u00e8res, Mme Serap G\u00fcler, en marge de la dixi\u00e8me \u00e9dition du Forum international sur la paix et la s\u00e9curit\u00e9 en Afrique. La rencontre s\u2019est d\u00e9roul\u00e9e en pr\u00e9sence du ministre charg\u00e9 du [&hellip;]<\/p>\n","protected":false},"author":8,"featured_media":293571,"comment_status":"open","ping_status":"open","sticky":false,"template":"","format":"standard","meta":{"footnotes":""},"categories":[63957,25,63921,63926],"tags":[],"class_list":["post-293570","post","type-post","status-publish","format-standard","has-post-thumbnail","hentry","category-fil-dactualite","category-25","category-slider-afficher","category-slider-general"],"_links":{"self":[{"href":"https:\/\/ami.mr\/fr\/wp-json\/wp\/v2\/posts\/293570","targetHints":{"allow":["GET"]}}],"collection":[{"href":"https:\/\/ami.mr\/fr\/wp-json\/wp\/v2\/posts"}],"about":[{"href":"https:\/\/ami.mr\/fr\/wp-json\/wp\/v2\/types\/post"}],"author":[{"embeddable":true,"href":"https:\/\/ami.mr\/fr\/wp-json\/wp\/v2\/users\/8"}],"replies":[{"embeddable":true,"href":"https:\/\/ami.mr\/fr\/wp-json\/wp\/v2\/comments?post=293570"}],"version-history":[{"count":1,"href":"https:\/\/ami.mr\/fr\/wp-json\/wp\/v2\/posts\/293570\/revisions"}],"predecessor-version":[{"id":293572,"href":"https:\/\/ami.mr\/fr\/wp-json\/wp\/v2\/posts\/293570\/revisions\/293572"}],"wp:featuredmedia":[{"embeddable":true,"href":"https:\/\/ami.mr\/fr\/wp-json\/wp\/v2\/media\/293571"}],"wp:attachment":[{"href":"https:\/\/ami.mr\/fr\/wp-json\/wp\/v2\/media?parent=293570"}],"wp:term":[{"taxonomy":"category","embeddable":true,"href":"https:\/\/ami.mr\/fr\/wp-json\/wp\/v2\/categories?post=293570"},{"taxonomy":"post_tag","embeddable":true,"href":"https:\/\/ami.mr\/fr\/wp-json\/wp\/v2\/tags?post=293570"}],"curies":[{"name":"wp","href":"https:\/\/api.w.org\/{rel}","templated":true}]}}