{"id":293564,"date":"2026-04-20T16:21:37","date_gmt":"2026-04-20T16:21:37","guid":{"rendered":"https:\/\/ami.mr\/fr\/?p=293564"},"modified":"2026-04-20T16:21:37","modified_gmt":"2026-04-20T16:21:37","slug":"le-wali-du-gorgol-tient-une-reunion-avec-les-hakems-des-moughataas-de-la-wilaya","status":"publish","type":"post","link":"https:\/\/ami.mr\/fr\/archives\/293564","title":{"rendered":"Le wali du Gorgol tient une r\u00e9union avec les hakems des moughataas de la wilaya"},"content":{"rendered":"<div class=\"row\"><\/div>\n<div class=\"row\">\n<div class=\"cell auto-size\">\n<div class=\"set-border bd-gray padding10 margin10 no-margin-right no-margin-left \" dir=\"ltr\">\n<p>Le wali du Gorgol, M. Mohamed El Mokhtar Ould Abdi, a tenu, lundi \u00e0 Ka\u00e9di, une r\u00e9union par visioconf\u00e9rence avec les hakems des moughataas de la wilaya, les \u00e9lus locaux, les repr\u00e9sentants des organisations de la soci\u00e9t\u00e9 civile, au c\u00f4t\u00e9 de nombre de citoyens concern\u00e9s.<\/p>\n<p>La r\u00e9union s&#8217;inscrit dans le cadre du renforcement de la politique de proximit\u00e9 avec le citoyen \u00e0 travers une communication directe avec les diff\u00e9rents acteurs locaux, \u00e9coutant leurs pr\u00e9occupations, diagnostiquant les probl\u00e8mes rencontr\u00e9s au niveau de leurs circonscriptions pour y trouver des solutions appropri\u00e9es.<\/p>\n<p>Le wali a appel\u00e9 les hakems \u00e0 adopter une politique de proximit\u00e9 avec les citoyens, \u00e0 \u00eatre \u00e0 leur c\u00f4t\u00e9, \u00e0 \u00eatre constamment inform\u00e9s de leur situation, et \u00e0 traiter s\u00e9rieusement leurs probl\u00e8mes afin d\u2019assurer une r\u00e9ponse rapide et une gestion efficace.<\/p>\n<p>Il a soulign\u00e9 que l&#8217;administration a \u0153uvr\u00e9 \u00e0 renforcer les canaux de communication en cr\u00e9ant des groupes interactifs sur l&#8217;application WhatsApp dans chaque moughataa dans le but de permettre aux citoyens de faire part de leurs opinions et de suivre leurs probl\u00e8mes de mani\u00e8re directe et instantan\u00e9e.<\/p>\n<p>Les hakems, de leur c\u00f4t\u00e9, ont pr\u00e9sent\u00e9 des expos\u00e9s sur la situation de leurs circonscriptions, passant en revue les principaux d\u00e9fis en mati\u00e8re de d\u00e9veloppement et de services, propositions des solutions aux probl\u00e8mes pos\u00e9s.<\/p>\n<\/div>\n<\/div>\n<\/div>\n","protected":false},"excerpt":{"rendered":"<p>Le wali du Gorgol, M. Mohamed El Mokhtar Ould Abdi, a tenu, lundi \u00e0 Ka\u00e9di, une r\u00e9union par visioconf\u00e9rence avec les hakems des moughataas de la wilaya, les \u00e9lus locaux, les repr\u00e9sentants des organisations de la soci\u00e9t\u00e9 civile, au c\u00f4t\u00e9 de nombre de citoyens concern\u00e9s. La r\u00e9union s&#8217;inscrit dans le cadre du renforcement de la [&hellip;]<\/p>\n","protected":false},"author":8,"featured_media":293565,"comment_status":"open","ping_status":"open","sticky":false,"template":"","format":"standard","meta":{"footnotes":""},"categories":[63918,63957],"tags":[],"class_list":["post-293564","post","type-post","status-publish","format-standard","has-post-thumbnail","hentry","category-autres","category-fil-dactualite"],"_links":{"self":[{"href":"https:\/\/ami.mr\/fr\/wp-json\/wp\/v2\/posts\/293564","targetHints":{"allow":["GET"]}}],"collection":[{"href":"https:\/\/ami.mr\/fr\/wp-json\/wp\/v2\/posts"}],"about":[{"href":"https:\/\/ami.mr\/fr\/wp-json\/wp\/v2\/types\/post"}],"author":[{"embeddable":true,"href":"https:\/\/ami.mr\/fr\/wp-json\/wp\/v2\/users\/8"}],"replies":[{"embeddable":true,"href":"https:\/\/ami.mr\/fr\/wp-json\/wp\/v2\/comments?post=293564"}],"version-history":[{"count":1,"href":"https:\/\/ami.mr\/fr\/wp-json\/wp\/v2\/posts\/293564\/revisions"}],"predecessor-version":[{"id":293566,"href":"https:\/\/ami.mr\/fr\/wp-json\/wp\/v2\/posts\/293564\/revisions\/293566"}],"wp:featuredmedia":[{"embeddable":true,"href":"https:\/\/ami.mr\/fr\/wp-json\/wp\/v2\/media\/293565"}],"wp:attachment":[{"href":"https:\/\/ami.mr\/fr\/wp-json\/wp\/v2\/media?parent=293564"}],"wp:term":[{"taxonomy":"category","embeddable":true,"href":"https:\/\/ami.mr\/fr\/wp-json\/wp\/v2\/categories?post=293564"},{"taxonomy":"post_tag","embeddable":true,"href":"https:\/\/ami.mr\/fr\/wp-json\/wp\/v2\/tags?post=293564"}],"curies":[{"name":"wp","href":"https:\/\/api.w.org\/{rel}","templated":true}]}}