{"id":293533,"date":"2026-04-20T09:05:11","date_gmt":"2026-04-20T09:05:11","guid":{"rendered":"https:\/\/ami.mr\/fr\/?p=293533"},"modified":"2026-04-20T09:39:36","modified_gmt":"2026-04-20T09:39:36","slug":"le-president-francais-salue-la-solidite-des-relations-entre-la-mauritanie-et-la-france","status":"publish","type":"post","link":"https:\/\/ami.mr\/fr\/archives\/293533","title":{"rendered":"Le Pr\u00e9sident fran\u00e7ais salue la solidit\u00e9 des relations entre la Mauritanie et la France"},"content":{"rendered":"<p>Son Excellence le Pr\u00e9sident fran\u00e7ais, M. Emmanuel Macron, a exprim\u00e9, dans un tweet, ses sinc\u00e8res remerciements et sa gratitude \u00e0 Son Excellence le pr\u00e9sident de la R\u00e9publique, Monsieur Mohamed Ould Cheikh El Ghazouani, saluant la confiance qu\u2019il accorde \u00e0 la France et louant la solidit\u00e9 des relations d\u2019amiti\u00e9 qui unissent les deux pays.<\/p>\n<p>Voici le texte du tweet qu\u2019il a publi\u00e9 sur sa page sur la plateforme \u00ab X \u00bb :<\/p>\n<p>\u00ab Merci cher ami Pr\u00e9sident Cheikh Ghazouani pour votre confiance en la France et notre amiti\u00e9. Heureux de vous avoir accueilli pour renforcer les liens pr\u00e9cieux entre la Mauritanie et la France \u00bb.<\/p>\n","protected":false},"excerpt":{"rendered":"<p>Son Excellence le Pr\u00e9sident fran\u00e7ais, M. Emmanuel Macron, a exprim\u00e9, dans un tweet, ses sinc\u00e8res remerciements et sa gratitude \u00e0 Son Excellence le pr\u00e9sident de la R\u00e9publique, Monsieur Mohamed Ould Cheikh El Ghazouani, saluant la confiance qu\u2019il accorde \u00e0 la France et louant la solidit\u00e9 des relations d\u2019amiti\u00e9 qui unissent les deux pays. Voici le [&hellip;]<\/p>\n","protected":false},"author":17,"featured_media":293540,"comment_status":"open","ping_status":"open","sticky":false,"template":"","format":"standard","meta":{"footnotes":""},"categories":[63919,63957,25,63921,63926],"tags":[],"class_list":["post-293533","post","type-post","status-publish","format-standard","has-post-thumbnail","hentry","category-choix-du-redacteur","category-fil-dactualite","category-25","category-slider-afficher","category-slider-general"],"_links":{"self":[{"href":"https:\/\/ami.mr\/fr\/wp-json\/wp\/v2\/posts\/293533","targetHints":{"allow":["GET"]}}],"collection":[{"href":"https:\/\/ami.mr\/fr\/wp-json\/wp\/v2\/posts"}],"about":[{"href":"https:\/\/ami.mr\/fr\/wp-json\/wp\/v2\/types\/post"}],"author":[{"embeddable":true,"href":"https:\/\/ami.mr\/fr\/wp-json\/wp\/v2\/users\/17"}],"replies":[{"embeddable":true,"href":"https:\/\/ami.mr\/fr\/wp-json\/wp\/v2\/comments?post=293533"}],"version-history":[{"count":1,"href":"https:\/\/ami.mr\/fr\/wp-json\/wp\/v2\/posts\/293533\/revisions"}],"predecessor-version":[{"id":293535,"href":"https:\/\/ami.mr\/fr\/wp-json\/wp\/v2\/posts\/293533\/revisions\/293535"}],"wp:featuredmedia":[{"embeddable":true,"href":"https:\/\/ami.mr\/fr\/wp-json\/wp\/v2\/media\/293540"}],"wp:attachment":[{"href":"https:\/\/ami.mr\/fr\/wp-json\/wp\/v2\/media?parent=293533"}],"wp:term":[{"taxonomy":"category","embeddable":true,"href":"https:\/\/ami.mr\/fr\/wp-json\/wp\/v2\/categories?post=293533"},{"taxonomy":"post_tag","embeddable":true,"href":"https:\/\/ami.mr\/fr\/wp-json\/wp\/v2\/tags?post=293533"}],"curies":[{"name":"wp","href":"https:\/\/api.w.org\/{rel}","templated":true}]}}