{"id":293501,"date":"2026-04-18T20:48:48","date_gmt":"2026-04-18T20:48:48","guid":{"rendered":"https:\/\/ami.mr\/fr\/?p=293501"},"modified":"2026-04-18T20:49:29","modified_gmt":"2026-04-18T20:49:29","slug":"kaedi-lancement-dune-initiative-de-cours-de-renforcement-de-niveau-pour-les-classes-terminales-des-differents-niveaux-denseignement","status":"publish","type":"post","link":"https:\/\/ami.mr\/fr\/archives\/293501","title":{"rendered":"Ka\u00e9di: Lancement d&#8217;une initiative de cours de renforcement de niveau pour les classes terminales des diff\u00e9rents niveaux d&#8217;enseignement"},"content":{"rendered":"<p>Une initiative \u00e9ducative visant \u00e0 organiser des cours de renforcement du niveau des \u00e9l\u00e8ves des classes terminales des niveaux primaire, coll\u00e8ge et lyc\u00e9e a \u00e9t\u00e9 lanc\u00e9e ce samedi soir \u00e0 l&#8217;\u00e9cole El Tenzah Extension 2 de la ville de Ka\u00e9di, dans le cadre du soutien \u00e0 la r\u00e9ussite scolaire et du renforcement des chances de succ\u00e8s aux examens nationaux.<\/p>\n<p>Cette initiative s&#8217;inscrit dans le cadre des efforts visant \u00e0 am\u00e9liorer le niveau de performance \u00e9ducative, en offrant des sessions suppl\u00e9mentaires intensives supervis\u00e9es par des enseignants exp\u00e9riment\u00e9s, permettant ainsi aux \u00e9l\u00e8ves de r\u00e9viser les le\u00e7ons essentielles et de rattraper les lacunes enregistr\u00e9es au cours de l&#8217;ann\u00e9e scolaire.<\/p>\n<p>Dans un discours prononc\u00e9 \u00e0 cette occasion, le directeur r\u00e9gional de l&#8217;\u00e9ducation de la wilaya du Gorgol, M. Mohamed Ould Baba Ould Hamdi, a soulign\u00e9 que l&#8217;\u00e9cole r\u00e9publicaine a constitu\u00e9 un v\u00e9ritable levier pour la promotion de l&#8217;\u00e9ducation, ce qui s&#8217;est refl\u00e9t\u00e9 positivement sur sa r\u00e9alit\u00e9 aux niveaux primaire et secondaire.<\/p>\n<p>Il a ajout\u00e9 que cette initiative b\u00e9n\u00e9ficiera \u00e0 dix \u00e9coles, s&#8217;attendant \u00e0 ce qu&#8217;elle porte ses fruits de mani\u00e8re continue, en raison de son r\u00f4le dans le renforcement du niveau des \u00e9l\u00e8ves et la contribution au d\u00e9veloppement du syst\u00e8me \u00e9ducatif.<\/p>\n<p>De son c\u00f4t\u00e9, le superviseur de cette initiative, M. Baba Ould Benyoug, a expliqu\u00e9 que le lancement de ces cours vise \u00e0 soutenir l&#8217;\u00e9cole r\u00e9publicaine et \u00e0 renforcer les valeurs d&#8217;unit\u00e9 nationale, conform\u00e9ment aux orientations g\u00e9n\u00e9rales de Son Excellence le Pr\u00e9sident de la R\u00e9publique, Monsieur Mohamed Ould Cheikh El Ghazouani.<\/p>\n<p>Il a indiqu\u00e9 que ces cours seront accompagn\u00e9s de prix incitatifs pr\u00e9cieux pour encourager les \u00e9l\u00e8ves \u00e0 l&#8217;excellence, appelant les parents d&#8217;\u00e9l\u00e8ves, les familles et les \u00e9quipes \u00e9ducatives \u00e0 unir leurs efforts pour am\u00e9liorer le niveau de l&#8217;\u00e9ducation.<\/p>\n<p>Les parents d&#8217;\u00e9l\u00e8ves et les habitants ont salu\u00e9 cette initiative, appelant les cadres et les d\u00e9put\u00e9s de la wilaya \u00e0 soutenir et \u00e0 encourager ce type d&#8217;initiatives.<\/p>\n","protected":false},"excerpt":{"rendered":"<p>Une initiative \u00e9ducative visant \u00e0 organiser des cours de renforcement du niveau des \u00e9l\u00e8ves des classes terminales des niveaux primaire, coll\u00e8ge et lyc\u00e9e a \u00e9t\u00e9 lanc\u00e9e ce samedi soir \u00e0 l&#8217;\u00e9cole El Tenzah Extension 2 de la ville de Ka\u00e9di, dans le cadre du soutien \u00e0 la r\u00e9ussite scolaire et du renforcement des chances de [&hellip;]<\/p>\n","protected":false},"author":53,"featured_media":293502,"comment_status":"open","ping_status":"open","sticky":false,"template":"","format":"standard","meta":{"footnotes":""},"categories":[63918,63957,63923,8672],"tags":[],"class_list":["post-293501","post","type-post","status-publish","format-standard","has-post-thumbnail","hentry","category-autres","category-fil-dactualite","category-slider-wilayas","category-8672"],"_links":{"self":[{"href":"https:\/\/ami.mr\/fr\/wp-json\/wp\/v2\/posts\/293501","targetHints":{"allow":["GET"]}}],"collection":[{"href":"https:\/\/ami.mr\/fr\/wp-json\/wp\/v2\/posts"}],"about":[{"href":"https:\/\/ami.mr\/fr\/wp-json\/wp\/v2\/types\/post"}],"author":[{"embeddable":true,"href":"https:\/\/ami.mr\/fr\/wp-json\/wp\/v2\/users\/53"}],"replies":[{"embeddable":true,"href":"https:\/\/ami.mr\/fr\/wp-json\/wp\/v2\/comments?post=293501"}],"version-history":[{"count":2,"href":"https:\/\/ami.mr\/fr\/wp-json\/wp\/v2\/posts\/293501\/revisions"}],"predecessor-version":[{"id":293504,"href":"https:\/\/ami.mr\/fr\/wp-json\/wp\/v2\/posts\/293501\/revisions\/293504"}],"wp:featuredmedia":[{"embeddable":true,"href":"https:\/\/ami.mr\/fr\/wp-json\/wp\/v2\/media\/293502"}],"wp:attachment":[{"href":"https:\/\/ami.mr\/fr\/wp-json\/wp\/v2\/media?parent=293501"}],"wp:term":[{"taxonomy":"category","embeddable":true,"href":"https:\/\/ami.mr\/fr\/wp-json\/wp\/v2\/categories?post=293501"},{"taxonomy":"post_tag","embeddable":true,"href":"https:\/\/ami.mr\/fr\/wp-json\/wp\/v2\/tags?post=293501"}],"curies":[{"name":"wp","href":"https:\/\/api.w.org\/{rel}","templated":true}]}}