{"id":293442,"date":"2026-04-17T19:06:27","date_gmt":"2026-04-17T19:06:27","guid":{"rendered":"https:\/\/ami.mr\/fr\/?p=293442"},"modified":"2026-04-17T19:06:27","modified_gmt":"2026-04-17T19:06:27","slug":"atelier-danalyse-des-donnees-relatives-a-la-situation-de-la-securite-alimentaire-dans-la-wilaya-du-trarza","status":"publish","type":"post","link":"https:\/\/ami.mr\/fr\/archives\/293442","title":{"rendered":"Atelier d\u2019analyse des donn\u00e9es relatives \u00e0 la situation de la s\u00e9curit\u00e9 alimentaire dans la wilaya du Trarza"},"content":{"rendered":"<p>Atelier d\u2019analyse des donn\u00e9es relatives \u00e0 la situation de la s\u00e9curit\u00e9 alimentaire dans la wilaya du Trarza<\/p>\n<p>Rosso, 17 avril 2026 (AMI) \u2013 Le conseiller du wali du Trarza charg\u00e9 des affaires politiques et sociales, M. Mohamed Abdallahi Ould Limam, a pr\u00e9sid\u00e9, ce vendredi, \u00e0 Rosso, l\u2019ouverture d\u2019un atelier consacr\u00e9 \u00e0 l\u2019analyse des donn\u00e9es issues des sites de suivi, ainsi qu\u2019\u00e0 la validation du rapport saisonnier relatif \u00e0 la situation de la s\u00e9curit\u00e9 alimentaire dans la wilaya au titre du premier trimestre de l\u2019ann\u00e9e en cours. Cet atelier est organis\u00e9 par le Croissant-Rouge mauritanien au profit de repr\u00e9sentants de certains d\u00e9partements minist\u00e9riels et des communaut\u00e9s rurales concern\u00e9es.<\/p>\n<p>Dans son allocution, le conseiller a pr\u00e9cis\u00e9 que cette rencontre vise \u00e0 analyser les donn\u00e9es collect\u00e9es par les comit\u00e9s villageois sur la situation de la s\u00e9curit\u00e9 alimentaire au niveau de la wilaya. Il a indiqu\u00e9 que l\u2019organisation de cet atelier s\u2019inscrit dans le cadre de l\u2019int\u00e9r\u00eat particulier accord\u00e9 par le Pr\u00e9sident de la R\u00e9publique, M. Mohamed Ould Cheikh El Ghazouani, aux questions de s\u00e9curit\u00e9 alimentaire, consid\u00e9r\u00e9es comme un pilier fondamental de la stabilit\u00e9 sociale et du d\u00e9veloppement durable.<\/p>\n<p>Il a ajout\u00e9 que les d\u00e9fis li\u00e9s \u00e0 ce domaine exigent une mobilisation collective, un renforcement des m\u00e9canismes de suivi et d\u2019\u00e9valuation, ainsi que le recours \u00e0 des donn\u00e9es pr\u00e9cises et fiables pour orienter la prise de d\u00e9cision. Il a salu\u00e9 le travail des comit\u00e9s villageois, qu\u2019il a qualifi\u00e9 d\u2019\u00e9tape cruciale ayant permis de collecter des donn\u00e9es de terrain refl\u00e9tant les conditions de vie des populations et mettant en \u00e9vidence les zones de vuln\u00e9rabilit\u00e9 et de besoin.<\/p>\n<p>Il a \u00e9galement affirm\u00e9 que les autorit\u00e9s administratives continueront de soutenir toutes les initiatives visant \u00e0 promouvoir un d\u00e9veloppement \u00e9quilibr\u00e9 et inclusif, et qu\u2019elles n\u2019\u00e9pargneront aucun effort pour accompagner l\u2019ensemble des acteurs en vue d\u2019atteindre les objectifs fix\u00e9s.<\/p>\n<p>De son c\u00f4t\u00e9, le responsable de la s\u00e9curit\u00e9 alimentaire au sein du Croissant-Rouge mauritanien, M. Mohamed Abdallahi Ould El Ghalaoui, a indiqu\u00e9 que cet atelier s\u2019inscrit dans le cadre d\u2019un programme int\u00e9gr\u00e9 mis en \u0153uvre par l\u2019organisation dans les wilayas du Trarza, de l\u2019Assaba et de Dakhlet Nouadhibou. Ce programme met l\u2019accent sur les enjeux li\u00e9s \u00e0 la s\u00e9curit\u00e9 alimentaire et au renforcement de la r\u00e9silience face aux changements climatiques.<\/p>\n<p>Il a pr\u00e9cis\u00e9 que le Croissant-Rouge mauritanien, en collaboration avec les autorit\u00e9s administratives et les \u00e9lus locaux des moughataas de Rosso, R\u2019Kiz, Tekane et Keur Mac\u00e8ne, a mis en place des comit\u00e9s villageois charg\u00e9s de collecter mensuellement des donn\u00e9es sur la situation des exploitations agricoles, du cheptel, des march\u00e9s et des conditions de vie des populations. Ces donn\u00e9es sont ensuite transmises \u00e0 des comit\u00e9s techniques sp\u00e9cialis\u00e9s au sein de l\u2019organisation, charg\u00e9s de leur analyse et de l\u2019\u00e9laboration de conclusions sur les principaux indicateurs de la s\u00e9curit\u00e9 alimentaire dans la wilaya.<\/p>\n<p>L\u2019atelier s\u2019est d\u00e9roul\u00e9 en pr\u00e9sence du hakem de la moughataa de Rosso, M. M&#8217;khaitrat Ould Mohamed Vall, ainsi que des autorit\u00e9s s\u00e9curitaires de la moughataa.<\/p>\n","protected":false},"excerpt":{"rendered":"<p>Atelier d\u2019analyse des donn\u00e9es relatives \u00e0 la situation de la s\u00e9curit\u00e9 alimentaire dans la wilaya du Trarza Rosso, 17 avril 2026 (AMI) \u2013 Le conseiller du wali du Trarza charg\u00e9 des affaires politiques et sociales, M. Mohamed Abdallahi Ould Limam, a pr\u00e9sid\u00e9, ce vendredi, \u00e0 Rosso, l\u2019ouverture d\u2019un atelier consacr\u00e9 \u00e0 l\u2019analyse des donn\u00e9es issues [&hellip;]<\/p>\n","protected":false},"author":53,"featured_media":293443,"comment_status":"open","ping_status":"open","sticky":false,"template":"","format":"standard","meta":{"footnotes":""},"categories":[63918,63957,63923,8672],"tags":[],"class_list":["post-293442","post","type-post","status-publish","format-standard","has-post-thumbnail","hentry","category-autres","category-fil-dactualite","category-slider-wilayas","category-8672"],"_links":{"self":[{"href":"https:\/\/ami.mr\/fr\/wp-json\/wp\/v2\/posts\/293442","targetHints":{"allow":["GET"]}}],"collection":[{"href":"https:\/\/ami.mr\/fr\/wp-json\/wp\/v2\/posts"}],"about":[{"href":"https:\/\/ami.mr\/fr\/wp-json\/wp\/v2\/types\/post"}],"author":[{"embeddable":true,"href":"https:\/\/ami.mr\/fr\/wp-json\/wp\/v2\/users\/53"}],"replies":[{"embeddable":true,"href":"https:\/\/ami.mr\/fr\/wp-json\/wp\/v2\/comments?post=293442"}],"version-history":[{"count":1,"href":"https:\/\/ami.mr\/fr\/wp-json\/wp\/v2\/posts\/293442\/revisions"}],"predecessor-version":[{"id":293444,"href":"https:\/\/ami.mr\/fr\/wp-json\/wp\/v2\/posts\/293442\/revisions\/293444"}],"wp:featuredmedia":[{"embeddable":true,"href":"https:\/\/ami.mr\/fr\/wp-json\/wp\/v2\/media\/293443"}],"wp:attachment":[{"href":"https:\/\/ami.mr\/fr\/wp-json\/wp\/v2\/media?parent=293442"}],"wp:term":[{"taxonomy":"category","embeddable":true,"href":"https:\/\/ami.mr\/fr\/wp-json\/wp\/v2\/categories?post=293442"},{"taxonomy":"post_tag","embeddable":true,"href":"https:\/\/ami.mr\/fr\/wp-json\/wp\/v2\/tags?post=293442"}],"curies":[{"name":"wp","href":"https:\/\/api.w.org\/{rel}","templated":true}]}}