{"id":293406,"date":"2026-04-17T13:23:19","date_gmt":"2026-04-17T13:23:19","guid":{"rendered":"https:\/\/ami.mr\/fr\/?p=293406"},"modified":"2026-04-17T13:23:19","modified_gmt":"2026-04-17T13:23:19","slug":"la-mauritanie-salue-lannonce-dun-cessez-le-feu-au-liban","status":"publish","type":"post","link":"https:\/\/ami.mr\/fr\/archives\/293406","title":{"rendered":"La Mauritanie salue l&#8217;annonce d&#8217;un cessez-le-feu au Liban"},"content":{"rendered":"<p>La R\u00e9publique islamique de Mauritanie a salu\u00e9 l&#8217;annonce d&#8217;un cessez-le-feu dans la R\u00e9publique s\u0153ur du Liban, la consid\u00e9rant comme une \u00e9tape importante vers une r\u00e9duction de l&#8217;escalade.<\/p>\n<p>La Mauritanie a soulign\u00e9, dans un communiqu\u00e9 publi\u00e9 aujourd&#8217;hui vendredi par le minist\u00e8re des Affaires \u00e9trang\u00e8res, de la Coop\u00e9ration africaine et des Mauritaniens de l\u2019Ext\u00e9rieur, la n\u00e9cessit\u00e9 d&#8217;adh\u00e9rer pleinement \u00e0 cette d\u00e9claration et de la renforcer de mani\u00e8re \u00e0 contribuer \u00e0 l&#8217;\u00e9tablissement du calme.<\/p>\n<p>Elle a exprim\u00e9 son appr\u00e9ciation pour les efforts de m\u00e9diation, exprimant son espoir que cette annonce contribuerait \u00e0 soutenir les efforts visant \u00e0 parvenir \u00e0 une paix juste et durable dans la r\u00e9gion.<\/p>\n","protected":false},"excerpt":{"rendered":"<p>La R\u00e9publique islamique de Mauritanie a salu\u00e9 l&#8217;annonce d&#8217;un cessez-le-feu dans la R\u00e9publique s\u0153ur du Liban, la consid\u00e9rant comme une \u00e9tape importante vers une r\u00e9duction de l&#8217;escalade. La Mauritanie a soulign\u00e9, dans un communiqu\u00e9 publi\u00e9 aujourd&#8217;hui vendredi par le minist\u00e8re des Affaires \u00e9trang\u00e8res, de la Coop\u00e9ration africaine et des Mauritaniens de l\u2019Ext\u00e9rieur, la n\u00e9cessit\u00e9 d&#8217;adh\u00e9rer [&hellip;]<\/p>\n","protected":false},"author":16,"featured_media":293407,"comment_status":"open","ping_status":"open","sticky":false,"template":"","format":"standard","meta":{"footnotes":""},"categories":[63918,63957,63959],"tags":[],"class_list":["post-293406","post","type-post","status-publish","format-standard","has-post-thumbnail","hentry","category-autres","category-fil-dactualite","category-mauritanie"],"_links":{"self":[{"href":"https:\/\/ami.mr\/fr\/wp-json\/wp\/v2\/posts\/293406","targetHints":{"allow":["GET"]}}],"collection":[{"href":"https:\/\/ami.mr\/fr\/wp-json\/wp\/v2\/posts"}],"about":[{"href":"https:\/\/ami.mr\/fr\/wp-json\/wp\/v2\/types\/post"}],"author":[{"embeddable":true,"href":"https:\/\/ami.mr\/fr\/wp-json\/wp\/v2\/users\/16"}],"replies":[{"embeddable":true,"href":"https:\/\/ami.mr\/fr\/wp-json\/wp\/v2\/comments?post=293406"}],"version-history":[{"count":1,"href":"https:\/\/ami.mr\/fr\/wp-json\/wp\/v2\/posts\/293406\/revisions"}],"predecessor-version":[{"id":293408,"href":"https:\/\/ami.mr\/fr\/wp-json\/wp\/v2\/posts\/293406\/revisions\/293408"}],"wp:featuredmedia":[{"embeddable":true,"href":"https:\/\/ami.mr\/fr\/wp-json\/wp\/v2\/media\/293407"}],"wp:attachment":[{"href":"https:\/\/ami.mr\/fr\/wp-json\/wp\/v2\/media?parent=293406"}],"wp:term":[{"taxonomy":"category","embeddable":true,"href":"https:\/\/ami.mr\/fr\/wp-json\/wp\/v2\/categories?post=293406"},{"taxonomy":"post_tag","embeddable":true,"href":"https:\/\/ami.mr\/fr\/wp-json\/wp\/v2\/tags?post=293406"}],"curies":[{"name":"wp","href":"https:\/\/api.w.org\/{rel}","templated":true}]}}