{"id":293285,"date":"2026-04-15T22:52:29","date_gmt":"2026-04-15T22:52:29","guid":{"rendered":"https:\/\/ami.mr\/fr\/?p=293285"},"modified":"2026-04-16T12:27:04","modified_gmt":"2026-04-16T12:27:04","slug":"le-president-francais-souligne-dans-un-tweet-le-renforcement-du-partenariat-franco-mauritanien","status":"publish","type":"post","link":"https:\/\/ami.mr\/fr\/archives\/293285","title":{"rendered":"Le pr\u00e9sident fran\u00e7ais souligne dans un tweet le renforcement du partenariat franco-mauritanien"},"content":{"rendered":"<p style=\"box-sizing: border-box; border-collapse: collapse; color: #000000; font-family: 'Segoe UI', 'Open Sans', sans-serif, serif; font-size: 16.8px;\">Le pr\u00e9sident de la R\u00e9publique fran\u00e7aise, M. Emmanuel Macron, a indiqu\u00e9, dans un message publi\u00e9 sur son compte officiel sur le r\u00e9seau social X (anciennement Twitter), sa satisfaction d\u2019accueillir en visite d\u2019\u00c9tat Son Excellence le Pr\u00e9sident de la R\u00e9publique, M. Mohamed Ould Cheikh El Ghazouani. Dans son tweet, le pr\u00e9sident fran\u00e7ais a d\u00e9clar\u00e9 :<\/p>\n<p style=\"box-sizing: border-box; border-collapse: collapse; color: #000000; font-family: 'Segoe UI', 'Open Sans', sans-serif, serif; font-size: 16.8px;\">\u00ab Heureux d\u2019accueillir en visite d\u2019\u00c9tat mon ami le Pr\u00e9sident Mohamed Ould Cheikh El Ghazouani.<\/p>\n<p style=\"box-sizing: border-box; border-collapse: collapse; color: #000000; font-family: 'Segoe UI', 'Open Sans', sans-serif, serif; font-size: 16.8px;\">Face \u00e0 la d\u00e9stabilisation du monde et aux d\u00e9fis communs, la Mauritanie et la France sont deux partenaires de confiance.<\/p>\n<p style=\"box-sizing: border-box; border-collapse: collapse; color: #000000; font-family: 'Segoe UI', 'Open Sans', sans-serif, serif; font-size: 16.8px;\">Nous renfor\u00e7ons notre partenariat : r\u00e9pondre aux cons\u00e9quences de la d\u00e9stabilisation r\u00e9gionale et de la crise humanitaire, prot\u00e9ger nos biens communs, ouvrir des perspectives \u00e0 la jeunesse, renforcer nos investissements \u00e9conomiques crois\u00e9s, et b\u00e2tir des projets tr\u00e8s concrets au service des peuples.<\/p>\n<p style=\"box-sizing: border-box; border-collapse: collapse; color: #000000; font-family: 'Segoe UI', 'Open Sans', sans-serif, serif; font-size: 16.8px;\">\u00c0 un mois du sommet Africa Forward de Nairobi, cette rencontre porte une conviction simple : entre l\u2019Afrique et la France, l\u2019avenir se construit par le respect, l\u2019ambition et l\u2019action. Projet\u00e9s vers l\u2019avenir. Ensemble. \u00bb<\/p>\n","protected":false},"excerpt":{"rendered":"<p>Le pr\u00e9sident de la R\u00e9publique fran\u00e7aise, M. Emmanuel Macron, a indiqu\u00e9, dans un message publi\u00e9 sur son compte officiel sur le r\u00e9seau social X (anciennement Twitter), sa satisfaction d\u2019accueillir en visite d\u2019\u00c9tat Son Excellence le Pr\u00e9sident de la R\u00e9publique, M. Mohamed Ould Cheikh El Ghazouani. Dans son tweet, le pr\u00e9sident fran\u00e7ais a d\u00e9clar\u00e9 : \u00ab [&hellip;]<\/p>\n","protected":false},"author":5,"featured_media":293286,"comment_status":"open","ping_status":"open","sticky":false,"template":"","format":"standard","meta":{"footnotes":""},"categories":[63919,63957,25,63921,63926],"tags":[],"class_list":["post-293285","post","type-post","status-publish","format-standard","has-post-thumbnail","hentry","category-choix-du-redacteur","category-fil-dactualite","category-25","category-slider-afficher","category-slider-general"],"_links":{"self":[{"href":"https:\/\/ami.mr\/fr\/wp-json\/wp\/v2\/posts\/293285","targetHints":{"allow":["GET"]}}],"collection":[{"href":"https:\/\/ami.mr\/fr\/wp-json\/wp\/v2\/posts"}],"about":[{"href":"https:\/\/ami.mr\/fr\/wp-json\/wp\/v2\/types\/post"}],"author":[{"embeddable":true,"href":"https:\/\/ami.mr\/fr\/wp-json\/wp\/v2\/users\/5"}],"replies":[{"embeddable":true,"href":"https:\/\/ami.mr\/fr\/wp-json\/wp\/v2\/comments?post=293285"}],"version-history":[{"count":2,"href":"https:\/\/ami.mr\/fr\/wp-json\/wp\/v2\/posts\/293285\/revisions"}],"predecessor-version":[{"id":293310,"href":"https:\/\/ami.mr\/fr\/wp-json\/wp\/v2\/posts\/293285\/revisions\/293310"}],"wp:featuredmedia":[{"embeddable":true,"href":"https:\/\/ami.mr\/fr\/wp-json\/wp\/v2\/media\/293286"}],"wp:attachment":[{"href":"https:\/\/ami.mr\/fr\/wp-json\/wp\/v2\/media?parent=293285"}],"wp:term":[{"taxonomy":"category","embeddable":true,"href":"https:\/\/ami.mr\/fr\/wp-json\/wp\/v2\/categories?post=293285"},{"taxonomy":"post_tag","embeddable":true,"href":"https:\/\/ami.mr\/fr\/wp-json\/wp\/v2\/tags?post=293285"}],"curies":[{"name":"wp","href":"https:\/\/api.w.org\/{rel}","templated":true}]}}